{"id":164522,"date":"2017-06-17T08:29:14","date_gmt":"2017-06-17T06:29:14","guid":{"rendered":"http:\/\/www.fuldaer-nachrichten.de\/?p=164522"},"modified":"2017-06-17T08:29:14","modified_gmt":"2017-06-17T06:29:14","slug":"untersuchung-auf-trichinen-bei-wildschweinen","status":"publish","type":"post","link":"https:\/\/www.fuldaernachrichten.de\/?p=164522","title":{"rendered":"Untersuchung auf Trichinen bei Wildschweinen"},"content":{"rendered":"<p>Die diesj\u00e4hrige Trichinen-Schulung des Fachdienstes Veterin\u00e4rwesen, Verbraucherschutz unter Leitung von Amtstierarzt Dr. Stephan Kraus findet am Mittwoch, 21. Juni, um 19 Uhr im Multifunktionsraum des Kreisgesundheitsamts, Otfrid-von-Wei\u00dfenburg Stra\u00dfe 3, statt. Themen sind Rechtsgrundlage der Trichinenuntersuchung, Verbreitung, Merkmale und Lebenszyklen von Trichinen, Anatomie des Wildschweins und Entnahmetechnik, Sicherung der Identit\u00e4t des Tierk\u00f6rpers und Kennzeichnung, Probenbehandlung und -transport, Wildbret-Hygiene sowie rechtliche Grundlagen der Vermarktung von Wild. Die Schulungsgeb\u00fchr betr\u00e4gt 25 Euro. Weitere Ausk\u00fcnfte unter Telefon (0661)6006-6122.<\/p>\n","protected":false},"excerpt":{"rendered":"<div class=\"tmnf_excerpt\"><p>Die diesj\u00e4hrige Trichinen-Schulung des Fachdienstes Veterin\u00e4rwesen, Verbraucherschutz unter Leitung von Amtstierarzt Dr. Stephan Kraus findet am Mittwoch, 21. Juni, um 19 Uhr im Multifunktionsraum des Kreisgesundheitsamts, Otfrid-von-Wei\u00dfenburg Stra\u00dfe 3, statt. Themen sind Rechtsgrundlage der Trichinenuntersuchung, Verbreitung, Merkmale und Lebenszyklen von Trichinen, Anatomie des Wildschweins und Entnahmetechnik, Sicherung der Identit\u00e4t des Tierk\u00f6rpers und Kennzeichnung, Probenbehandlung und &hellip;<\/p>\n<\/div>","protected":false},"author":1,"featured_media":0,"comment_status":"closed","ping_status":"closed","sticky":false,"template":"","format":"standard","meta":{"footnotes":""},"categories":[1],"tags":[],"class_list":["post-164522","post","type-post","status-publish","format-standard","hentry","category-startseite"],"_links":{"self":[{"href":"https:\/\/www.fuldaernachrichten.de\/index.php?rest_route=\/wp\/v2\/posts\/164522","targetHints":{"allow":["GET"]}}],"collection":[{"href":"https:\/\/www.fuldaernachrichten.de\/index.php?rest_route=\/wp\/v2\/posts"}],"about":[{"href":"https:\/\/www.fuldaernachrichten.de\/index.php?rest_route=\/wp\/v2\/types\/post"}],"author":[{"embeddable":true,"href":"https:\/\/www.fuldaernachrichten.de\/index.php?rest_route=\/wp\/v2\/users\/1"}],"replies":[{"embeddable":true,"href":"https:\/\/www.fuldaernachrichten.de\/index.php?rest_route=%2Fwp%2Fv2%2Fcomments&post=164522"}],"version-history":[{"count":1,"href":"https:\/\/www.fuldaernachrichten.de\/index.php?rest_route=\/wp\/v2\/posts\/164522\/revisions"}],"predecessor-version":[{"id":164527,"href":"https:\/\/www.fuldaernachrichten.de\/index.php?rest_route=\/wp\/v2\/posts\/164522\/revisions\/164527"}],"wp:attachment":[{"href":"https:\/\/www.fuldaernachrichten.de\/index.php?rest_route=%2Fwp%2Fv2%2Fmedia&parent=164522"}],"wp:term":[{"taxonomy":"category","embeddable":true,"href":"https:\/\/www.fuldaernachrichten.de\/index.php?rest_route=%2Fwp%2Fv2%2Fcategories&post=164522"},{"taxonomy":"post_tag","embeddable":true,"href":"https:\/\/www.fuldaernachrichten.de\/index.php?rest_route=%2Fwp%2Fv2%2Ftags&post=164522"}],"curies":[{"name":"wp","href":"https:\/\/api.w.org\/{rel}","templated":true}]}}