{"id":164513,"date":"2017-06-17T08:33:44","date_gmt":"2017-06-17T06:33:44","guid":{"rendered":"http:\/\/www.fuldaer-nachrichten.de\/?p=164513"},"modified":"2017-06-17T08:33:44","modified_gmt":"2017-06-17T06:33:44","slug":"50-jahre-naturpark-hessische-rhoen","status":"publish","type":"post","link":"https:\/\/www.fuldaernachrichten.de\/?p=164513","title":{"rendered":"50 Jahre Naturpark \u201eHessische Rh\u00f6n\u201c"},"content":{"rendered":"<p>Der Naturpark Hessische Rh\u00f6n begeht in diesem Jahr sein 50-j\u00e4hriges Jubil\u00e4um. Die Anf\u00e4nge gehen zur\u00fcck auf das Jahr 1967, in dem die offizielle Ausweisung des Landschaftsschutzgebietes \u201eHessische Rh\u00f6n\u201c durch den Kreistag des Landkreises Fulda erfolgte.<br \/>\nSchon in den Jahren davor hatte der Landkreis Fulda die Schaffung eines Naturparks vorbereitet und mit den zust\u00e4ndigen Beh\u00f6rden abgestimmt. Der Prozess zog sich jedoch \u00fcber einige Jahre hinweg, bis es dann endlich soweit war.<\/p>\n<p>Prim\u00e4res Ziel des Naturparks Hessische Rh\u00f6n war und ist auch heute noch die Optimierung und Unterhaltung der touristischen Infrastruktur insbesondere im Bereich Wandern im Land der offenen Fernen.<\/p>\n<p>In enger Kooperation und jahrzehntelanger Zusammenarbeit mit dem Rh\u00f6nklub erfolgte in der Rh\u00f6n die beispielhafte Ausweisung eines hochwertigen und vorbildlich markierten Wanderwegenetzes. Dazu z\u00e4hlen neben dem Premiumwanderweg \u201eDer Hochrh\u00f6ner\u201c, den zahlreichen Extratouren auch Hunderte von Kilometern Rh\u00f6nrundwege in fast allen Gemeinden des Landkreises Fulda.<\/p>\n<p>Neben den Wanderwegen gibt es zahlreiche Park-, Rast- und Grillpl\u00e4tze sowie verschiedene Lehrpfade, wie den Arch\u00e4ologischen Lehrpfad an der Milseburg oder den Geologischen Info-Pfad auf der Wasserkuppe.<\/p>\n<p>Die aktuelle Fl\u00e4chengr\u00f6\u00dfe des Naturparks betr\u00e4gt ca. 72.000 ha und ist seit 1975 in seinen Abgrenzungen unver\u00e4ndert. Der Naturpark Hessische Rh\u00f6n ist im \u00dcbrigen der einzige Naturpark in Hessen, der gleichzeitig fl\u00e4chendeckend auch Landschaftsschutzgebiet ist.<\/p>\n<p>F\u00fcr die Wartung und Pflege all dieser Errichtungen an den Wanderwegen und Freizeiteinrichtungen unterh\u00e4lt der Landkreiskreis Fulda in Kleinsassen eine Naturpark-Werkstatt mit drei Mitarbeitern, die sich insbesondere in der Wandersaison um die Ausf\u00fchrung aller notwendigen Arbeiten k\u00fcmmern.<\/p>\n<p>In Erg\u00e4nzung mit dem 1991 gegr\u00fcndeten Biosph\u00e4renreservat hat der Naturpark auch heute noch die wichtige Funktion, touristische Angebote und dazugeh\u00f6rige Infrastruktur in den Bereichen Freizeit, Wandern und Erholung zu schaffen und weiterzuentwickeln.<\/p>\n<p>Die z\u00e4hlreichen B\u00e4nke und Infotafeln mit dem Logo des Naturparks verdeutlichen diese Funktion. Der aufmerksame Wanderer findet diese auf seinen Wegen zu den Highlights der Hessischen Rh\u00f6n wie zum Beispiel am Roten Moor, auf der Milseburg, dem Auersberg, dem Schafstein oder der Wasserkuppe.<\/p>\n<p>Der Naturpark Hessische Rh\u00f6n ist \u00fcber die Region hinaus als Wander-, Urlaubs- und Naherholungsgebiet bekannt. Neben dem Wandern spielen dabei auch der Winter- und Flugsport eine wichtige Rolle und locken viele Tausend Besucher in das Mittelgebirge.<\/p>\n<p>Das hohe Niveau und reichhaltige Angebot des Naturparks Hessische Rh\u00f6n wurde zuletzt in 2013 durch den VDN, den Dachverband der deutschen Naturparke, \u00fcberpr\u00fcft und best\u00e4tigt. Im selben Jahr erfolgte die offizielle Auszeichnung als \u201eQualit\u00e4ts-Naturpark\u201c.<\/p>\n<p>Anl\u00e4sslich des 50-j\u00e4hrigen Jubil\u00e4ums findet nun am Sonntag, den 25. Juni 2017, auf dem Wachtk\u00fcppel bei Gersfeld eine Festveranstaltung statt, zu der alle Wanderer, Naturinteressierte und Freunde des Naturparks herzlich eingeladen sind.<\/p>\n<p>Geboten wird ein buntes Programm aus Information, Musik und regionalen Gen\u00fcssen. Nach dem Gottesdienst um 10.30 Uhr vor der Kapelle am Wachtk\u00fcppel mit Pfarrer Dauner gibt es um 12.30 Uhr einen offiziellen Festakt mit Landrat Bernd Woide, Regierungspr\u00e4sident Dr. Walter L\u00fcbcke, Dr. Michael Arndt (Pr\u00e4sident des VDN) und Herrn Schmal vom Hessischen Umweltministerium.<\/p>\n<p>Zus\u00e4tzlich werden zwei Wanderungen auf und um den Wachtk\u00fcppel sowie ein buntes Unterhaltungsprogramm f\u00fcr Kinder und Familien angeboten, so zum Beispiel ein Falkner mit seinem Rotmilan. Musikalisch umrahmt wird das Ganze von der Stadtkapelle Gersfeld und der Band \u201ePlan B\u201c.<\/p>\n<p>Torsten Raab, Gesch\u00e4ftsf\u00fchrer des Naturparks Hessische Rh\u00f6n, freut sich ganz besonders auf das Jubil\u00e4um und w\u00fcnscht allen G\u00e4sten und Besuchern viel Spa\u00df und gute Unterhaltung bei ihrem Ausflug auf den Wachtk\u00fcppel, den Spitzbub der Rh\u00f6n.<\/p>\n","protected":false},"excerpt":{"rendered":"<div class=\"tmnf_excerpt\"><p>Der Naturpark Hessische Rh\u00f6n begeht in diesem Jahr sein 50-j\u00e4hriges Jubil\u00e4um. Die Anf\u00e4nge gehen zur\u00fcck auf das Jahr 1967, in dem die offizielle Ausweisung des Landschaftsschutzgebietes \u201eHessische Rh\u00f6n\u201c durch den Kreistag des Landkreises Fulda erfolgte. Schon in den Jahren davor hatte der Landkreis Fulda die Schaffung eines Naturparks vorbereitet und mit den zust\u00e4ndigen Beh\u00f6rden abgestimmt. &hellip;<\/p>\n<\/div>","protected":false},"author":1,"featured_media":164540,"comment_status":"closed","ping_status":"closed","sticky":false,"template":"","format":"standard","meta":{"footnotes":""},"categories":[1],"tags":[],"class_list":["post-164513","post","type-post","status-publish","format-standard","has-post-thumbnail","hentry","category-startseite"],"_links":{"self":[{"href":"https:\/\/www.fuldaernachrichten.de\/index.php?rest_route=\/wp\/v2\/posts\/164513","targetHints":{"allow":["GET"]}}],"collection":[{"href":"https:\/\/www.fuldaernachrichten.de\/index.php?rest_route=\/wp\/v2\/posts"}],"about":[{"href":"https:\/\/www.fuldaernachrichten.de\/index.php?rest_route=\/wp\/v2\/types\/post"}],"author":[{"embeddable":true,"href":"https:\/\/www.fuldaernachrichten.de\/index.php?rest_route=\/wp\/v2\/users\/1"}],"replies":[{"embeddable":true,"href":"https:\/\/www.fuldaernachrichten.de\/index.php?rest_route=%2Fwp%2Fv2%2Fcomments&post=164513"}],"version-history":[{"count":1,"href":"https:\/\/www.fuldaernachrichten.de\/index.php?rest_route=\/wp\/v2\/posts\/164513\/revisions"}],"predecessor-version":[{"id":164541,"href":"https:\/\/www.fuldaernachrichten.de\/index.php?rest_route=\/wp\/v2\/posts\/164513\/revisions\/164541"}],"wp:featuredmedia":[{"embeddable":true,"href":"https:\/\/www.fuldaernachrichten.de\/index.php?rest_route=\/wp\/v2\/media\/164540"}],"wp:attachment":[{"href":"https:\/\/www.fuldaernachrichten.de\/index.php?rest_route=%2Fwp%2Fv2%2Fmedia&parent=164513"}],"wp:term":[{"taxonomy":"category","embeddable":true,"href":"https:\/\/www.fuldaernachrichten.de\/index.php?rest_route=%2Fwp%2Fv2%2Fcategories&post=164513"},{"taxonomy":"post_tag","embeddable":true,"href":"https:\/\/www.fuldaernachrichten.de\/index.php?rest_route=%2Fwp%2Fv2%2Ftags&post=164513"}],"curies":[{"name":"wp","href":"https:\/\/api.w.org\/{rel}","templated":true}]}}