{"id":164502,"date":"2017-06-17T08:30:52","date_gmt":"2017-06-17T06:30:52","guid":{"rendered":"http:\/\/www.fuldaer-nachrichten.de\/?p=164502"},"modified":"2017-06-17T08:30:52","modified_gmt":"2017-06-17T06:30:52","slug":"programm-sport-fuer-fluechtlinge-sommer-trainingsplan-gestartet-kanu-schnupper-tour-von-kaemmerzell-nach-luedermuend","status":"publish","type":"post","link":"https:\/\/www.fuldaernachrichten.de\/?p=164502","title":{"rendered":"Programm Sport f\u00fcr Fl\u00fcchtlinge: Sommer-Trainingsplan gestartet &#8211; Kanu-Schnupper-Tour von K\u00e4mmerzell nach L\u00fcderm\u00fcnd"},"content":{"rendered":"<p>Nach der Kick-Off-Veranstaltung der Sport-Coaches im Bootshaus des Kanu-Club-Fulda &#8211; mit dem Sportkreis-Vorsitzenden Hein-Peter M\u00f6ller &#8211; sind die ersten F\u00f6rderbescheide in der Region eingetroffen und die verschiedene Aktivit\u00e4ten wurden bereits gestartet.<\/p>\n<p>In Hilders hat der neue Sport-Coach Bernhard Bormann am 3. September eine Familien-Olympiade geplant, bei der auch die Pr\u00fcfungen f\u00fcr das Sportabzeichen abgelegt werden k\u00f6nnen. Zudem soll eine M\u00e4dchentanzgruppe gegr\u00fcndet und im Michaelshof ein Fitnessraum eingerichtet werden.<\/p>\n<p>Winfried J\u00e4ger und Harald Piaskowski haben in den Sommerferien vom 17. bis 21. Juli ein Sport-Integrations-Camp ausgeschrieben, dass auf dem Gel\u00e4nde des DAFKS im M\u00fcnsterfeld angeboten wird. Interessierte bekommen die Ausschreibungsunterlagen bei Winfried J\u00e4ger (sportcoach-fulda@gmx.de).<\/p>\n<p>Den Fuldaer Sommertrainingsplan mit allen freien Angeboten \u2013 nicht nur f\u00fcr Fl\u00fcchtlinge \u2013 findet man auf der Homepage des Sportkreises Fulda H\u00fcnfeld unter www.sk-fh.de \u2013 Angebote und Projekte \u2013 Integration durch Sport \u2013 SC Fulda. Zug um Zug werden auf der Homepage des Sportkreises auch die Angebote der anderen am Programm beteiligten Kommunen ver\u00f6ffentlicht. Alle Interessierten sind herzlich willkommen! https:\/\/www.sportkreis-fulda-huenfeld.de\/aktionen_und_projekte\/integration_durch_sport__sport_fuer_fluechtlinge\/sc_fulda.html<\/p>\n<p>Dank der Unterst\u00fctzung von Elke und Harald Ho\u00dffeld von Kanutours Fulda (http:\/\/kanutours-fulda.de\/) konnte in den letzten Tagen eine Kanu-Schnupper-Tour angeboten werden. Die Ho\u00dffelds haben dankenswerter Weise die Boote samt Zubeh\u00f6r, einen VW-Bus und einen Anh\u00e4nger zur Verf\u00fcgung gestellt. Und die Fuldaer Sport-Coaches haben die Tour geplant. Nach einer Einweisung in K\u00e4mmerzell ging es endlich an Bord der Canadier. Mit Achim N\u00f6ll und Kurt Gabriel standen den Neu-Kanuten erfahrene Kanu-Guides zur Seite, die mit Tipps und Tricks das ein oder andere Hindernis \u201eumschifften\u201c. Die Mannschaft hatte sichtlich Spa\u00df und war mit Eifer dabei. \u201eDas war ein tolles Team-Building\u201c, freute sich Sozialbetreuerin Irinia Tissen von der Firma Gruemel. <\/p>\n","protected":false},"excerpt":{"rendered":"<div class=\"tmnf_excerpt\"><p>Nach der Kick-Off-Veranstaltung der Sport-Coaches im Bootshaus des Kanu-Club-Fulda &#8211; mit dem Sportkreis-Vorsitzenden Hein-Peter M\u00f6ller &#8211; sind die ersten F\u00f6rderbescheide in der Region eingetroffen und die verschiedene Aktivit\u00e4ten wurden bereits gestartet. In Hilders hat der neue Sport-Coach Bernhard Bormann am 3. September eine Familien-Olympiade geplant, bei der auch die Pr\u00fcfungen f\u00fcr das Sportabzeichen abgelegt werden &hellip;<\/p>\n<\/div>","protected":false},"author":1,"featured_media":164524,"comment_status":"closed","ping_status":"closed","sticky":false,"template":"","format":"gallery","meta":{"footnotes":""},"categories":[1],"tags":[],"class_list":["post-164502","post","type-post","status-publish","format-gallery","has-post-thumbnail","hentry","category-startseite","post_format-post-format-gallery"],"_links":{"self":[{"href":"https:\/\/www.fuldaernachrichten.de\/index.php?rest_route=\/wp\/v2\/posts\/164502","targetHints":{"allow":["GET"]}}],"collection":[{"href":"https:\/\/www.fuldaernachrichten.de\/index.php?rest_route=\/wp\/v2\/posts"}],"about":[{"href":"https:\/\/www.fuldaernachrichten.de\/index.php?rest_route=\/wp\/v2\/types\/post"}],"author":[{"embeddable":true,"href":"https:\/\/www.fuldaernachrichten.de\/index.php?rest_route=\/wp\/v2\/users\/1"}],"replies":[{"embeddable":true,"href":"https:\/\/www.fuldaernachrichten.de\/index.php?rest_route=%2Fwp%2Fv2%2Fcomments&post=164502"}],"version-history":[{"count":1,"href":"https:\/\/www.fuldaernachrichten.de\/index.php?rest_route=\/wp\/v2\/posts\/164502\/revisions"}],"predecessor-version":[{"id":164533,"href":"https:\/\/www.fuldaernachrichten.de\/index.php?rest_route=\/wp\/v2\/posts\/164502\/revisions\/164533"}],"wp:featuredmedia":[{"embeddable":true,"href":"https:\/\/www.fuldaernachrichten.de\/index.php?rest_route=\/wp\/v2\/media\/164524"}],"wp:attachment":[{"href":"https:\/\/www.fuldaernachrichten.de\/index.php?rest_route=%2Fwp%2Fv2%2Fmedia&parent=164502"}],"wp:term":[{"taxonomy":"category","embeddable":true,"href":"https:\/\/www.fuldaernachrichten.de\/index.php?rest_route=%2Fwp%2Fv2%2Fcategories&post=164502"},{"taxonomy":"post_tag","embeddable":true,"href":"https:\/\/www.fuldaernachrichten.de\/index.php?rest_route=%2Fwp%2Fv2%2Ftags&post=164502"}],"curies":[{"name":"wp","href":"https:\/\/api.w.org\/{rel}","templated":true}]}}