{"id":164493,"date":"2017-06-17T08:23:29","date_gmt":"2017-06-17T06:23:29","guid":{"rendered":"http:\/\/www.fuldaer-nachrichten.de\/?p=164493"},"modified":"2017-06-17T08:23:29","modified_gmt":"2017-06-17T06:23:29","slug":"caritas-feiert-mit-fuldas-bewohnern-und-gaesten-ihr-jubilaeum","status":"publish","type":"post","link":"https:\/\/www.fuldaernachrichten.de\/?p=164493","title":{"rendered":"Caritas feiert mit Fuldas Bewohnern und G\u00e4sten ihr Jubil\u00e4um"},"content":{"rendered":"<p>100 Jahre  \u2013 seit 1917 \u2013 besteht die Caritas im Bistum Fulda. Aus diesem Anlass veranstaltet der Di\u00f6zesan-Caritasverband einen Aktionstag \u201eVon Mensch zu Mensch\u201c: Am Freitag, 23. Juni, von 12.00 bis 16.00 Uhr soll es dabei auf dem Universit\u00e4tsplatz in Fuldas Innenstadt rund gehen! Die Caritas wird sich dort im Herzen der City einmal auf ganz ungew\u00f6hnliche Weise mit ihren Arbeitsfeldern pr\u00e4sentieren. Die Arbeit der Caritas soll dabei zwar Thema sein, vor allem aber geht es an diesem Tag um ein fr\u00f6hliches, lebendiges Miteinander. Es werden viele Mitarbeiterinnen und Mitarbeiter aus den Einrichtungen kommen, aber auch Freunde, F\u00f6rderer und Klienten der Caritas. Vor allem aber sollen die Bewohner und die G\u00e4ste Fuldas \u2013 eben alle, die in der Stadt unterwegs sind \u2013 dabei sein und mitfeiern!  <\/p>\n<p>F\u00fcr den Aktionstag wird an diesem fr\u00fchsommerlichen Freitag auf dem Uniplatz eine \u201eCaritas-Zeltstadt\u201c entstehen, in der jeder schauen, angucken, zuh\u00f6ren, etwas mitnehmen kann, und nat\u00fcrlich darf man auch allerhand ausprobieren oder selber aktiv werden. Auch zu essen und zu trinken gibt es, und auf der B\u00fchne werden nicht nur Reden geschwungen, sondern es wird auch Musik geboten \u2013 von ganz verschiedenen eigenen Ensembles wie der Carisma-Trommelgruppe, der UMA-Band (UMA steht f\u00fcr Unbegleitete minderj\u00e4hrige Ausl\u00e4nder, die von der Jugendhilfe betreut werden) und einem Gospelchor, ebenfalls der Jugendhilfe. Bischof Heinz Josef Algermissen, Schirmherr der Veranstaltung, wird ebenfalls dabei sein und auch auf die B\u00fchne kommen. <\/p>\n<p>Themen des Aktionstages sind neben dem runden Caritas-Geburtstag auch das Jahres-Kampagnenthema \u201eZusammen sind wir Heimat\u201c sowie eine Aktion der Caritas zum beginnenden Bundestagswahlkampf unter dem Motto \u201eW\u00e4hlt Menschlichkeit!\u201c. Im Mittelzelt vis-a-vis  der B\u00fchne stehen am Stand des Di\u00f6zesan-Caritasverbandes Ehrenamtliche bereit: Nach dem Motto \u201eWir schenken Ihnen unsere Zeit!\u201c wollen sie am Aktionstag mit interessierten B\u00fcrgerinnen und B\u00fcrgern bei einem Kaffee in einer gem\u00fctlichen Sofaecke ins Gespr\u00e4ch  kommen. Die Themen sind vielseitig und lauten zum Beispiel \u201eAktiv mit pflegebed\u00fcrftigen Seniorinnen und Senioren\u201c, \u201eAktiv mit behinderten Menschen\u201c, \u201eAktiv auf Reisen mit \u201efitten\u201c Senior\/innen\u201c,  \u201eAktiv in der Pfarrgemeinde in einem Projekt mit Fl\u00fcchtlingen\u201c oder \u201eAktiv im Freiwilligendienst\u201c. Auf einer Tafel am Zelt k\u00f6nnen die Passanten ersehen, wann die Ehrenamtlichen zu welchem Thema bereit  stehen.<\/p>\n<p>Zudem sind  u. a. folgende Angebote am Aktionstag geplant: Die Sch\u00fclerinnen und Sch\u00fcler der Altenpflegeschule nehmen bei Interessierten Blutdruckmessungen vor, au\u00dferdem kann man sich in einem \u201eHistorischen Zimmer\u201c mit alten M\u00f6beln und Einrichtungsgegenst\u00e4nden umschauen und dort nebenbei erfahren, wie Menschen mit Demenz-Erkrankungen heutzutage in Altenpflegeheimen betreut werden und welche Rolle dabei so genannte Erinnerungsarbeit spielt.<\/p>\n<p>An anderer Stelle pr\u00e4sentiert sich die Caritas-Aktion \u201ewort.los\u201c. Dabei geht es darum, dass man sich mit Menschen, die ein Handicap haben und vielleicht deshalb nicht sprechen k\u00f6nnen, durchaus gut unterhalten kann. Denn es gibt viele M\u00f6glichkeiten der non-verbalen oder unterst\u00fctzten Kommunikation. Spielerisch k\u00f6nnen sich Besucher des Aktionstages dabei auch mit der Geb\u00e4rdensprache auseinandersetzen oder dem Geb\u00e4rdenchor zuschauen, wenn er die UMA-Band bei ihrem Auftritt begleitet.   <\/p>\n<p>Von der Werkstatt f\u00fcr Menschen mit Behinderung auf Schloss Haselstein in der Rh\u00f6n ist ein Stand f\u00fcr \u201eRh\u00f6ner Fruchtgenuss\u201c mit von der Partie. Fruchtgenuss hei\u00dft zum Beispiel Fruchtaufstriche und Sirups; es gibt aber auch andere appetitliche Produkte wie etwa Gew\u00fcrzmischungen. Die Carisma Werkst\u00e4tten erg\u00e4nzen das kulinarische Angebot und sorgen von 14.00 bis 16.00 Uhr f\u00fcr Kaffee und Kuchen. Was sicher auch lockt, ist ein Sitz-Segway-Parcours, der am Rande der Caritas-Zeltstadt zu finden ist, und wo Experimentierfreudige dann mal eine Proberunde drehen k\u00f6nnen\u00e2\u20ac\u00a6  <\/p>\n<p>Die Caritas-Jugendhilfe bietet an ihrem Zelt die M\u00f6glichkeit zu Basteleien: Es sollen K\u00fchlschrankmagnete, Buttons und Blument\u00f6pfe gestaltet werden. Auch f\u00fcr das kulinarische Wohlbefinden der Festbesucher tr\u00e4gt die Crew der Caritas-Jugendhilfe bei und wird unmittelbar von 12.00 bis 14.00 Uhr einen Grillstand betreiben. Auch f\u00fcr kalte Getr\u00e4nke ist nat\u00fcrlich ebenso gesorgt \u2013 in der Hoffnung auf sommerlich warme Witterung am 23. Juni. Alles Essen und Trinken \u2013 gro\u00dfenteils gesponsert von den Unterst\u00fctzern der Caritas wie Rh\u00f6n-Sprudel (Eichenzell), B\u00e4ckerei Happ (Neuhof) sowie Metzgereien M\u00fcller (Flieden) und M\u00fcglich (Hofbieber) \u2013 wird gegen eine Spende abgegeben. Der Spendenertrag flie\u00dft in mehrere Caritas-Projekte. <\/p>\n<p>Am Caritas-Infostand in der Zeltstadt-Mitte kann man sich \u00fcber die Arbeit der Caritas und die diesj\u00e4hrigen Kampagnenthemen genauer informieren. Au\u00dferdem gibt es dort Luftballons, und wer gegen Spende am Gl\u00fccksrad dreht, kann mit dem richtigen Schwung kleine n\u00fctzliche Gewinne erhalten So k\u00f6nnen die Kinder zum Beispiel ein kleines B\u00fcchlein mit einer spannenden Geschichte zum (Vor-)Lesen und Anschauen gewinnen.<\/p>\n","protected":false},"excerpt":{"rendered":"<div class=\"tmnf_excerpt\"><p>100 Jahre \u2013 seit 1917 \u2013 besteht die Caritas im Bistum Fulda. Aus diesem Anlass veranstaltet der Di\u00f6zesan-Caritasverband einen Aktionstag \u201eVon Mensch zu Mensch\u201c: Am Freitag, 23. Juni, von 12.00 bis 16.00 Uhr soll es dabei auf dem Universit\u00e4tsplatz in Fuldas Innenstadt rund gehen! Die Caritas wird sich dort im Herzen der City einmal auf &hellip;<\/p>\n<\/div>","protected":false},"author":1,"featured_media":164500,"comment_status":"closed","ping_status":"closed","sticky":false,"template":"","format":"standard","meta":{"footnotes":""},"categories":[1],"tags":[],"class_list":["post-164493","post","type-post","status-publish","format-standard","has-post-thumbnail","hentry","category-startseite"],"_links":{"self":[{"href":"https:\/\/www.fuldaernachrichten.de\/index.php?rest_route=\/wp\/v2\/posts\/164493","targetHints":{"allow":["GET"]}}],"collection":[{"href":"https:\/\/www.fuldaernachrichten.de\/index.php?rest_route=\/wp\/v2\/posts"}],"about":[{"href":"https:\/\/www.fuldaernachrichten.de\/index.php?rest_route=\/wp\/v2\/types\/post"}],"author":[{"embeddable":true,"href":"https:\/\/www.fuldaernachrichten.de\/index.php?rest_route=\/wp\/v2\/users\/1"}],"replies":[{"embeddable":true,"href":"https:\/\/www.fuldaernachrichten.de\/index.php?rest_route=%2Fwp%2Fv2%2Fcomments&post=164493"}],"version-history":[{"count":1,"href":"https:\/\/www.fuldaernachrichten.de\/index.php?rest_route=\/wp\/v2\/posts\/164493\/revisions"}],"predecessor-version":[{"id":164504,"href":"https:\/\/www.fuldaernachrichten.de\/index.php?rest_route=\/wp\/v2\/posts\/164493\/revisions\/164504"}],"wp:featuredmedia":[{"embeddable":true,"href":"https:\/\/www.fuldaernachrichten.de\/index.php?rest_route=\/wp\/v2\/media\/164500"}],"wp:attachment":[{"href":"https:\/\/www.fuldaernachrichten.de\/index.php?rest_route=%2Fwp%2Fv2%2Fmedia&parent=164493"}],"wp:term":[{"taxonomy":"category","embeddable":true,"href":"https:\/\/www.fuldaernachrichten.de\/index.php?rest_route=%2Fwp%2Fv2%2Fcategories&post=164493"},{"taxonomy":"post_tag","embeddable":true,"href":"https:\/\/www.fuldaernachrichten.de\/index.php?rest_route=%2Fwp%2Fv2%2Ftags&post=164493"}],"curies":[{"name":"wp","href":"https:\/\/api.w.org\/{rel}","templated":true}]}}