{"id":164482,"date":"2017-06-17T08:21:08","date_gmt":"2017-06-17T06:21:08","guid":{"rendered":"http:\/\/www.fuldaer-nachrichten.de\/?p=164482"},"modified":"2017-06-17T08:21:08","modified_gmt":"2017-06-17T06:21:08","slug":"umfangreiches-programm-zum-tag-der-offenen-gaerten-2017","status":"publish","type":"post","link":"https:\/\/www.fuldaernachrichten.de\/?p=164482","title":{"rendered":"Umfangreiches Programm zum \u201eTag der offenen G\u00e4rten\u201c 2017"},"content":{"rendered":"<p>Der \u201eTag der offenen G\u00e4rten\u201c, der in der Stadtregion Fulda in diesem Jahr zum elften Mal stattfindet, ist inzwischen nicht nur bei Gartenfreunden zu einem festen Termin im Jahreskalender geworden \u2013 die Veranstaltung ist so beliebt, dass aus dem \u201eTag\u201c l\u00e4ngst ein mehr als eine Woche dauerndes Programm rund um das Thema Garten geworden ist. Neben der Stadt Fulda sind auch die Gemeinden Petersberg, K\u00fcnzell und Eichenzell eingebunden. Der Veranstaltungszeitraum erstrecke sich von der Er\u00f6ffnung am Freitag, 23. Juni, bis zum Finale am Sonntag, 2. Juli (siehe Programm).<br \/>\nDer \u201eTag der offenen G\u00e4rten\u201c hat seinen Schwerpunkt immer im j\u00e4hrlichen Wechsel zwischen der Pr\u00e4sentation privater Gartenparadiese und \u00f6ffentlicher Gr\u00fcn-Oasen. In diesem Jahr stehen wieder die Privatg\u00e4rten im Blickpunkt (besonders am Sonntag, 2. Juli). Das Leitthema lautet diesmal \u201eFormen und Figuren\u201c. Denn in jedem Garten finden sich Formen und Figuren &#8211; als Gestaltungselement, als Schmuck oder einfach als \u201eHingucker\u201c. Vom barocken Formenschatz bis zu aktuellen Gestaltungen geben sie einem Garten Struktur und Seele.<br \/>\nDer besondere Reiz des Tages der offenen G\u00e4rten liegt darin, die unterschiedlichen M\u00f6glichkeiten der Gartengestaltung zu zeigen und zugleich zu veranschaulichen, welche verbindenden Elemente zwischen kleinen und gro\u00dfen, privaten und \u00f6ffentlichen G\u00e4rten bestehen. Dabei besteht die M\u00f6glichkeit, durch Parks und Gr\u00fcnanlagen zu schlendern, einen Blick in G\u00e4rten zu werfen, die ansonsten dem Privatbesitzer vorbehalten sind, und dabei \u00f6ffentliche und private Gartensch\u00e4tze zu entdecken. Der besondere Dank der Organisatoren gilt allen Gartenbesitzern und ihren Familien f\u00fcr die Bereitschaft, ihre privaten G\u00e4rten der \u00d6ffentlichkeit zu zeigen. Besucher der \u201eOffenen G\u00e4rten\u201c werden gebeten, sich r\u00fccksichtsvoll zu verhalten \u2013 wie in den Jahren zuvor. In einigen G\u00e4rten sind zus\u00e4tzlich Figuren und Aktionen von K\u00fcnstlern anzutreffen.<br \/>\nDas Programm:  <\/p>\n<p>Er\u00f6ffnung am Freitag, 23. Juni, 19 Uhr:  \u00e2\u20ac\u00a8Kaisersaal-Terrasse (bei Regen im Kaisersaal) \u00e2\u20ac\u00a8Er\u00f6ffnungsansprache mit Oberb\u00fcrgermeister Dr. Heiko  Wingenfeld \u00e2\u20ac\u00a8Vorf\u00fchrung \u201eEin Garten voll Walzer und Vergissmeinnicht\u00c2\u00ab (Ballettkurse der Volkshochschule der Stadt Fulda)<br \/>\nTanzperformance \u201eArbusti da fiore, (Tanzblick Freies Tanztheater)<br \/>\nSommerabendausklang mit Umtrunk und dem \u201eBlue Moon Swingtett\u201c<\/p>\n<p>F\u00fchrungen<br \/>\nSamstag, 24.Juni, 11 Uhr, Eichenzell-Fasanerie: F\u00fchrung \u201eFormen &#038; Figuren im Schlosspark Fasanerie\u201c mit G\u00e4rtnermeister J\u00fcrgen Herrlich.<br \/>\n(Karten: Museumskasse)<br \/>\n14 bis 16 Uhr, Abteil Hl. Maria \u2013 Fulda, Nonnengasse:  Gartensprechstunde mit Sr. Christa<br \/>\n17 Uhr, Klostergarten Frauenberg: F\u00fchrung mit Bruder Gerhard zur Geschichte und Entwicklung des Gartens, mit Rezitation des Sonnengesangs. <\/p>\n<p>Sonntag, 25. Juni, 11 bis 15 Uhr, Alter St\u00e4dtischer Friedhof am Franzosenw\u00e4ldchen, Goethestra\u00dfe): Rundgang \u00fcber die neugestaltete Friedhofs- und Parkanlage \u201ezum Tag der Architektur\u201c, mit Landschaftsarchitekt Tobias Mann.<br \/>\n(Treffpunkt: vor der Kapelle\/Begrenzte Teilnehmerzahl, Anmeldung erforderlich bei: kontakt@mann-la.de)<\/p>\n<p>Montag, 26. Juni, 19 Uhr, Propstei Johannesberg: Bonsaigestaltung nach nat\u00fcrlichen Vorbildern (Treffpunkt: Gartenpavillon\/Bonsai-Arbeitskreis-Hessische Rh\u00f6n\u2013K\u00fcnzell.) <\/p>\n<p>Dienstag, 27.Juni, 19.30 Uhr, Schlossgarten Fulda: Sonderf\u00fchrung \u201eSichtachsen &#038; barocke Geometrie, Figuren und die konkav-konvexe Ovaltreppe\u201c, mit Gregor Stasch (Treffpunkt: Floravase)<\/p>\n<p>Donnerstag, 29. Juni, 14 Uhr, Stadtg\u00e4rtnerei Fulda: Fachf\u00fchrung mit G\u00e4rtnermeister Marcel Waber (Treffpunkt: Ernst-Barlach-Str. 8)\u00e2\u20ac\u00a8Bitte anmelden unter Telefon: (0661) 102-1773<\/p>\n<p>Samstag, 1. Juli, 11 Uhr, Eichenzell-Fasanerie: Formen &#038; Figuren im Schlosspark Fasanerie, F\u00fchrung mit Museumsdirektor Dr. Markus Miller. \u00e2\u20ac\u00a8(Karten: Museumskasse) \u00e2\u20ac\u00a814 bis 16 Uhr Abteil Hl. Maria \u2013 Fulda, Nonnengasse: Gartensprechstunde mit Sr. Christa <\/p>\n<p>Konzert\u00e2\u20ac\u00a8Samstag, 1. Juli, 16 Uhr, Hof der Dalbergschule (Alte Universit\u00e4t): Open-Air-Konzert mit dem Kammerorchester der Jugend Fulda. (Bei Regen: Aula der Adolf-von-Dalbergschule.) <\/p>\n<p>Gro\u00dfes Rasenlabyrinth<br \/>\nAb 26. Juni auf der Wiese am Umweltzentrum (Johannisau): Nach einer \u00fcberlieferten Form sorgsam in den Rasen gem\u00e4ht, l\u00e4dt der verschlungene Weg zum meditativen Spaziergang ein.<br \/>\nDie beteiligten Privatg\u00e4rten am Sonntag, 2. Juli\u00e2\u20ac\u00a8(ge\u00f6ffnet von 12 bis 17 Uhr \u2013 Eintritt frei)<\/p>\n<p>Fulda<br \/>\n&#8211; K\u00fcrassierstra\u00dfe 9 (Stadtteil Harmerz): Garten mit Wasserlauf sowie Sichtachsen und gestufter Hang<br \/>\n14 bis 16 Uhr: Der K\u00fcnstler Valentin Gerstberger macht mit seiner Frottagetechnik Unsichtbares sichtbar.<br \/>\nAb 16 Uhr: Ausstellung im Garten<\/p>\n<p>&#8211; Emil-Nolde-Allee 65 (Fulda-Galerie): Kompakter, feiner Stadthausgarten. <\/p>\n<p>&#8211; Oskar-Schlemmer-Stra\u00dfe 8 (Fulda-Galerie): Fantasie im Familiengarten. <\/p>\n<p>&#8211; Oskar-Schlemmer-Stra\u00dfe 10 (Fulda-Galerie): Formgeh\u00f6lze und Holzformen <\/p>\n<p>&#8211; Am Haimberg 1 (Fulda-Rodges): Hingucker im kleinen Familienpark. <\/p>\n<p>&#8211; Von-Stauffenberg-Stra\u00dfe (Ziehers-Nord): Wohngarten in Wei\u00df <\/p>\n<p>&#8211; Letterhausstra\u00dfe 6 (Ziehers-Nord): Stadthausgarten zum Wohlf\u00fchlen<\/p>\n<p>&#8211; Huberstra\u00dfe 3 (Ziehers-Nord): Wohngarten mit Nutzpflanzencarr\u00e9e <\/p>\n<p>&#8211; Weinberg am Frauenberg 12 bis 18 Uhr: Infos zur Weinkultur, Kostproben vom Fuldaer Wein und Musik bietet der Fuldaer Weinkonvent an. <\/p>\n<p>&#8211; Ellerstra\u00dfe 8 (Fa. Hartmann und Sohn, Fulda): Schwimmteich &#038; Sandsteinwerkst\u00fccke <\/p>\n<p>&#8211; Pater-Notker-Stra\u00dfe 19 (Bronnzell): Viele Funkien und gro\u00dfe Rasenspirale <\/p>\n<p>&#8211; Schlachthausgasse 11 (n\u00e4he Peterstor, Fulda): Stadtmauergarten mit Schmiedekunst. Getr\u00e4nke &#038; Musik, Ausstellung im Kutscherhaus. kunstschmiede-bernhardt.de<\/p>\n<p>Petersberg<br \/>\n&#8211; Philipp-Engel-Stra\u00dfe 34 (Almendorf): Naturgarten f\u00fcr alle Sinne &#038; Bienen Inspiration f\u00fcr kreatives Schaffen: Marthas Tanzhaus.<br \/>\n13 und 17 Uhr: Buchvorstellung \u201eWeisheit des Gartens\u201c, B\u00e4rbel M. Peschl<\/p>\n<p>&#8211; Am Striedel 40 (Steinau): Skulpturengarten &#038; Spuren der Zeit. Figuren aus Metall von Alexander Litwinow<\/p>\n<p>&#8211; An der Liede 11 (nahe Rauschenberg): Waldhang-Garten mit Himmelsleiter <\/p>\n<p>K\u00fcnzell<br \/>\n&#8211; Schulstra\u00dfe 1 (Bachrain): Kleiner, wohnlicher Pfarrgarten <\/p>\n<p>&#8211; Gartenstra\u00dfe 16 (n\u00e4he Klinikum): Wohngarten mit eleganter Voliere <\/p>\n<p>&#8211; Dipperzer Stra\u00dfe 11 (Wissels): Atmosph\u00e4rischer Familiengarten<br \/>\n12.30, 14 und 15.30 Uhr: Heil- und K\u00fcchenkr\u00e4uter-Spaziergang im Garten<\/p>\n<p>&#8211; Zugang gegen\u00fcber Harbacher Weg 46 (n\u00e4he \u201eSieben Welten\u201c): Hanggarten mit H\u00fcgelbeetkultur <\/p>\n<p>Die Organisation des \u201eTags der offenen G\u00e4rten\u201c liegt beim Gr\u00fcnfl\u00e4chen-, Umwelt- und Friedhofsamt der Stadt Fulda in Zusammenarbeit mit den Gemeinden Eichenzell, K\u00fcnzell und Petersberg sowie dem Planungsb\u00fcro gartissimo.<\/p>\n","protected":false},"excerpt":{"rendered":"<div class=\"tmnf_excerpt\"><p>Der \u201eTag der offenen G\u00e4rten\u201c, der in der Stadtregion Fulda in diesem Jahr zum elften Mal stattfindet, ist inzwischen nicht nur bei Gartenfreunden zu einem festen Termin im Jahreskalender geworden \u2013 die Veranstaltung ist so beliebt, dass aus dem \u201eTag\u201c l\u00e4ngst ein mehr als eine Woche dauerndes Programm rund um das Thema Garten geworden ist. &hellip;<\/p>\n<\/div>","protected":false},"author":1,"featured_media":164489,"comment_status":"closed","ping_status":"closed","sticky":false,"template":"","format":"gallery","meta":{"footnotes":""},"categories":[1],"tags":[],"class_list":["post-164482","post","type-post","status-publish","format-gallery","has-post-thumbnail","hentry","category-startseite","post_format-post-format-gallery"],"_links":{"self":[{"href":"https:\/\/www.fuldaernachrichten.de\/index.php?rest_route=\/wp\/v2\/posts\/164482","targetHints":{"allow":["GET"]}}],"collection":[{"href":"https:\/\/www.fuldaernachrichten.de\/index.php?rest_route=\/wp\/v2\/posts"}],"about":[{"href":"https:\/\/www.fuldaernachrichten.de\/index.php?rest_route=\/wp\/v2\/types\/post"}],"author":[{"embeddable":true,"href":"https:\/\/www.fuldaernachrichten.de\/index.php?rest_route=\/wp\/v2\/users\/1"}],"replies":[{"embeddable":true,"href":"https:\/\/www.fuldaernachrichten.de\/index.php?rest_route=%2Fwp%2Fv2%2Fcomments&post=164482"}],"version-history":[{"count":1,"href":"https:\/\/www.fuldaernachrichten.de\/index.php?rest_route=\/wp\/v2\/posts\/164482\/revisions"}],"predecessor-version":[{"id":164491,"href":"https:\/\/www.fuldaernachrichten.de\/index.php?rest_route=\/wp\/v2\/posts\/164482\/revisions\/164491"}],"wp:featuredmedia":[{"embeddable":true,"href":"https:\/\/www.fuldaernachrichten.de\/index.php?rest_route=\/wp\/v2\/media\/164489"}],"wp:attachment":[{"href":"https:\/\/www.fuldaernachrichten.de\/index.php?rest_route=%2Fwp%2Fv2%2Fmedia&parent=164482"}],"wp:term":[{"taxonomy":"category","embeddable":true,"href":"https:\/\/www.fuldaernachrichten.de\/index.php?rest_route=%2Fwp%2Fv2%2Fcategories&post=164482"},{"taxonomy":"post_tag","embeddable":true,"href":"https:\/\/www.fuldaernachrichten.de\/index.php?rest_route=%2Fwp%2Fv2%2Ftags&post=164482"}],"curies":[{"name":"wp","href":"https:\/\/api.w.org\/{rel}","templated":true}]}}