{"id":164457,"date":"2017-06-17T08:14:30","date_gmt":"2017-06-17T06:14:30","guid":{"rendered":"http:\/\/www.fuldaer-nachrichten.de\/?p=164457"},"modified":"2017-06-17T08:14:30","modified_gmt":"2017-06-17T06:14:30","slug":"wandern-in-der-rhoen-vom-grabenhoefchen-nach-poppenhausen-4","status":"publish","type":"post","link":"https:\/\/www.fuldaernachrichten.de\/?p=164457","title":{"rendered":"Wandern in der Rh\u00f6n &#8211; Vom Grabenh\u00f6fchen nach Poppenhausen"},"content":{"rendered":"<p>Am Mittwoch, den 21. Juni, bietet die Volkshochschule und das Seniorenb\u00fcro der Stadt Fulda eine Wanderung vom Grabenh\u00f6fchen nach Poppenhausen an. Treffpunkt ist um 9:00 Uhr an der Treppe oben am ZOB.<\/p>\n<p>Der Bus bringt uns zum Grabenh\u00f6fchen, von dort starten wir unsere ca. 10 km lange Wanderung ins Tal Richtung Poppenhausen. Nach einem Anstieg laufen wir bergab zur Grotte von Abtsroda. Nach einer Einkehr am Heckenh\u00f6fchen laufen wir durch Wiesen und Wald nach Poppenhausen fahren wir mit dem Bus wieder zur\u00fcck nach Fulda.<\/p>\n<p>Zur Planung ist eine Anmeldung in der Volkshochschule Unterm Hl. Kreuz oder unter Telefon 102-14 77, erforderlich.<\/p>\n","protected":false},"excerpt":{"rendered":"<div class=\"tmnf_excerpt\"><p>Am Mittwoch, den 21. Juni, bietet die Volkshochschule und das Seniorenb\u00fcro der Stadt Fulda eine Wanderung vom Grabenh\u00f6fchen nach Poppenhausen an. Treffpunkt ist um 9:00 Uhr an der Treppe oben am ZOB. Der Bus bringt uns zum Grabenh\u00f6fchen, von dort starten wir unsere ca. 10 km lange Wanderung ins Tal Richtung Poppenhausen. Nach einem Anstieg &hellip;<\/p>\n<\/div>","protected":false},"author":1,"featured_media":0,"comment_status":"closed","ping_status":"closed","sticky":false,"template":"","format":"standard","meta":{"footnotes":""},"categories":[1],"tags":[],"class_list":["post-164457","post","type-post","status-publish","format-standard","hentry","category-startseite"],"_links":{"self":[{"href":"https:\/\/www.fuldaernachrichten.de\/index.php?rest_route=\/wp\/v2\/posts\/164457","targetHints":{"allow":["GET"]}}],"collection":[{"href":"https:\/\/www.fuldaernachrichten.de\/index.php?rest_route=\/wp\/v2\/posts"}],"about":[{"href":"https:\/\/www.fuldaernachrichten.de\/index.php?rest_route=\/wp\/v2\/types\/post"}],"author":[{"embeddable":true,"href":"https:\/\/www.fuldaernachrichten.de\/index.php?rest_route=\/wp\/v2\/users\/1"}],"replies":[{"embeddable":true,"href":"https:\/\/www.fuldaernachrichten.de\/index.php?rest_route=%2Fwp%2Fv2%2Fcomments&post=164457"}],"version-history":[{"count":1,"href":"https:\/\/www.fuldaernachrichten.de\/index.php?rest_route=\/wp\/v2\/posts\/164457\/revisions"}],"predecessor-version":[{"id":164458,"href":"https:\/\/www.fuldaernachrichten.de\/index.php?rest_route=\/wp\/v2\/posts\/164457\/revisions\/164458"}],"wp:attachment":[{"href":"https:\/\/www.fuldaernachrichten.de\/index.php?rest_route=%2Fwp%2Fv2%2Fmedia&parent=164457"}],"wp:term":[{"taxonomy":"category","embeddable":true,"href":"https:\/\/www.fuldaernachrichten.de\/index.php?rest_route=%2Fwp%2Fv2%2Fcategories&post=164457"},{"taxonomy":"post_tag","embeddable":true,"href":"https:\/\/www.fuldaernachrichten.de\/index.php?rest_route=%2Fwp%2Fv2%2Ftags&post=164457"}],"curies":[{"name":"wp","href":"https:\/\/api.w.org\/{rel}","templated":true}]}}