{"id":164454,"date":"2017-06-17T08:16:23","date_gmt":"2017-06-17T06:16:23","guid":{"rendered":"http:\/\/www.fuldaer-nachrichten.de\/?p=164454"},"modified":"2017-06-17T08:16:23","modified_gmt":"2017-06-17T06:16:23","slug":"pflegekurs-der-diakoniestation","status":"publish","type":"post","link":"https:\/\/www.fuldaernachrichten.de\/?p=164454","title":{"rendered":"Pflegekurs der Diakoniestation"},"content":{"rendered":"<p>Der ambulante Pflegedienst der Diakoniestation Fulda-Petersberg-K\u00fcnzell bietet ab 2. September 2017 einen Pflegekurs f\u00fcr pflegende Angeh\u00f6rige und Interessierte an.<\/p>\n<p>Wenn ein Mensch pflegebed\u00fcrftig wird, ver\u00e4ndert sich die Situation in der Familie. Viele m\u00f6chten ihre pflegebed\u00fcrftigen oder demenzkranken Angeh\u00f6rigen zu Hause betreuen und pflegen. Der Pflegekurs vermittelt das notwendige Grundwissen und die richtigen Handgriffe, um den Anforderungen des verantwortungsvollen Pflegealltags besser gewachsen zu sein. Michael Bittorf, stellvertretender Pflegedienstleiter, wird den Pflegekurs leiten.<\/p>\n<p>Der Flyer zum Pflegekurs kann bei der\u00c2\u00a0 Diakoniestation Fulda-Petersberg-K\u00fcnzell, Am Rosengarten 20, 36037 Fulda, 0661 \/ 962 1975 0, <a href=\"mailto:info@diakonie-fulda.de\">info@diakonie-fulda.de<\/a> angefordert werden. Anmeldungen sind ab sofort m\u00f6glich. (<a href=\"http:\/\/www.diakonie-fulda.de\/\">www.diakonie-fulda.de<\/a>)<\/p>\n","protected":false},"excerpt":{"rendered":"<div class=\"tmnf_excerpt\"><p>Der ambulante Pflegedienst der Diakoniestation Fulda-Petersberg-K\u00fcnzell bietet ab 2. September 2017 einen Pflegekurs f\u00fcr pflegende Angeh\u00f6rige und Interessierte an. Wenn ein Mensch pflegebed\u00fcrftig wird, ver\u00e4ndert sich die Situation in der Familie. Viele m\u00f6chten ihre pflegebed\u00fcrftigen oder demenzkranken Angeh\u00f6rigen zu Hause betreuen und pflegen. Der Pflegekurs vermittelt das notwendige Grundwissen und die richtigen Handgriffe, um den &hellip;<\/p>\n<\/div>","protected":false},"author":1,"featured_media":164461,"comment_status":"closed","ping_status":"closed","sticky":false,"template":"","format":"standard","meta":{"footnotes":""},"categories":[1],"tags":[],"class_list":["post-164454","post","type-post","status-publish","format-standard","has-post-thumbnail","hentry","category-startseite"],"_links":{"self":[{"href":"https:\/\/www.fuldaernachrichten.de\/index.php?rest_route=\/wp\/v2\/posts\/164454","targetHints":{"allow":["GET"]}}],"collection":[{"href":"https:\/\/www.fuldaernachrichten.de\/index.php?rest_route=\/wp\/v2\/posts"}],"about":[{"href":"https:\/\/www.fuldaernachrichten.de\/index.php?rest_route=\/wp\/v2\/types\/post"}],"author":[{"embeddable":true,"href":"https:\/\/www.fuldaernachrichten.de\/index.php?rest_route=\/wp\/v2\/users\/1"}],"replies":[{"embeddable":true,"href":"https:\/\/www.fuldaernachrichten.de\/index.php?rest_route=%2Fwp%2Fv2%2Fcomments&post=164454"}],"version-history":[{"count":1,"href":"https:\/\/www.fuldaernachrichten.de\/index.php?rest_route=\/wp\/v2\/posts\/164454\/revisions"}],"predecessor-version":[{"id":164467,"href":"https:\/\/www.fuldaernachrichten.de\/index.php?rest_route=\/wp\/v2\/posts\/164454\/revisions\/164467"}],"wp:featuredmedia":[{"embeddable":true,"href":"https:\/\/www.fuldaernachrichten.de\/index.php?rest_route=\/wp\/v2\/media\/164461"}],"wp:attachment":[{"href":"https:\/\/www.fuldaernachrichten.de\/index.php?rest_route=%2Fwp%2Fv2%2Fmedia&parent=164454"}],"wp:term":[{"taxonomy":"category","embeddable":true,"href":"https:\/\/www.fuldaernachrichten.de\/index.php?rest_route=%2Fwp%2Fv2%2Fcategories&post=164454"},{"taxonomy":"post_tag","embeddable":true,"href":"https:\/\/www.fuldaernachrichten.de\/index.php?rest_route=%2Fwp%2Fv2%2Ftags&post=164454"}],"curies":[{"name":"wp","href":"https:\/\/api.w.org\/{rel}","templated":true}]}}