{"id":164439,"date":"2017-06-14T07:38:34","date_gmt":"2017-06-14T05:38:34","guid":{"rendered":"http:\/\/www.fuldaer-nachrichten.de\/?p=164439"},"modified":"2017-06-14T07:38:34","modified_gmt":"2017-06-14T05:38:34","slug":"hoefische-jagd-in-hessen","status":"publish","type":"post","link":"https:\/\/www.fuldaernachrichten.de\/?p=164439","title":{"rendered":"H\u00f6fische Jagd in Hessen"},"content":{"rendered":"<p>Die Volkshochschule des Landkreises Fulda l\u00e4dt zu einem Besuch und einer F\u00fchrung durch die Ausstellung &#8220;H\u00f6fische Jagd in Hessen&#8221; im Badehaus auf Schloss Fasanerie am Samstag, 30. September, um 14 Uhr ein. Die Ausstellung widmet sich der Jagd als Teil des h\u00f6fischen, politischen und gesellschaftlichen Lebens zur Zeit des Barock in Hessen. Infos und Anmeldung mit Kursnummer VP0000105 www.vhs-fulda.de oder telefonisch beim B\u00fcrgerservice (0661)6006-1600. <\/p>\n","protected":false},"excerpt":{"rendered":"<div class=\"tmnf_excerpt\"><p>Die Volkshochschule des Landkreises Fulda l\u00e4dt zu einem Besuch und einer F\u00fchrung durch die Ausstellung &#8220;H\u00f6fische Jagd in Hessen&#8221; im Badehaus auf Schloss Fasanerie am Samstag, 30. September, um 14 Uhr ein. Die Ausstellung widmet sich der Jagd als Teil des h\u00f6fischen, politischen und gesellschaftlichen Lebens zur Zeit des Barock in Hessen. Infos und Anmeldung &hellip;<\/p>\n<\/div>","protected":false},"author":1,"featured_media":0,"comment_status":"closed","ping_status":"closed","sticky":false,"template":"","format":"standard","meta":{"footnotes":""},"categories":[1],"tags":[],"class_list":["post-164439","post","type-post","status-publish","format-standard","hentry","category-startseite"],"_links":{"self":[{"href":"https:\/\/www.fuldaernachrichten.de\/index.php?rest_route=\/wp\/v2\/posts\/164439","targetHints":{"allow":["GET"]}}],"collection":[{"href":"https:\/\/www.fuldaernachrichten.de\/index.php?rest_route=\/wp\/v2\/posts"}],"about":[{"href":"https:\/\/www.fuldaernachrichten.de\/index.php?rest_route=\/wp\/v2\/types\/post"}],"author":[{"embeddable":true,"href":"https:\/\/www.fuldaernachrichten.de\/index.php?rest_route=\/wp\/v2\/users\/1"}],"replies":[{"embeddable":true,"href":"https:\/\/www.fuldaernachrichten.de\/index.php?rest_route=%2Fwp%2Fv2%2Fcomments&post=164439"}],"version-history":[{"count":1,"href":"https:\/\/www.fuldaernachrichten.de\/index.php?rest_route=\/wp\/v2\/posts\/164439\/revisions"}],"predecessor-version":[{"id":164443,"href":"https:\/\/www.fuldaernachrichten.de\/index.php?rest_route=\/wp\/v2\/posts\/164439\/revisions\/164443"}],"wp:attachment":[{"href":"https:\/\/www.fuldaernachrichten.de\/index.php?rest_route=%2Fwp%2Fv2%2Fmedia&parent=164439"}],"wp:term":[{"taxonomy":"category","embeddable":true,"href":"https:\/\/www.fuldaernachrichten.de\/index.php?rest_route=%2Fwp%2Fv2%2Fcategories&post=164439"},{"taxonomy":"post_tag","embeddable":true,"href":"https:\/\/www.fuldaernachrichten.de\/index.php?rest_route=%2Fwp%2Fv2%2Ftags&post=164439"}],"curies":[{"name":"wp","href":"https:\/\/api.w.org\/{rel}","templated":true}]}}