{"id":164432,"date":"2017-06-14T07:37:12","date_gmt":"2017-06-14T05:37:12","guid":{"rendered":"http:\/\/www.fuldaer-nachrichten.de\/?p=164432"},"modified":"2017-06-14T07:37:12","modified_gmt":"2017-06-14T05:37:12","slug":"geschaeftsstelle-des-sportkreises-fulda-huenfeld-im-palais-altenstein-eroeffnet","status":"publish","type":"post","link":"https:\/\/www.fuldaernachrichten.de\/?p=164432","title":{"rendered":"Gesch\u00e4ftsstelle des Sportkreises Fulda-H\u00fcnfeld im Palais Altenstein er\u00f6ffnet"},"content":{"rendered":"<p><a href=\"http:\/\/www.fuldaer-nachrichten.de\/wp-content\/uploads\/2017\/06\/Sportkreisb\u00fcro3.jpg\"><img decoding=\"async\" src=\"http:\/\/www.fuldaer-nachrichten.de\/wp-content\/uploads\/2017\/06\/Sportkreisb\u00fcro3-265x176.jpg\" alt=\"\" width=\"265\" height=\"176\" class=\"alignleft size-thumbnail wp-image-164434\" \/><\/a>Seit vielen Jahren besteht eine enge Zusammenarbeit zwischen dem Schul- und Sportamt der Stadt Fulda und dem Sportkreis 18 Fulda-H\u00fcnfeld \u2013 insbesondere bei der Abwicklung des Sportabzeichens. Jetzt wird diese langj\u00e4hrige Kooperation noch intensiver: Der Sportkreis hat im Palais Altenstein in unmittelbarer N\u00e4he zu den R\u00e4umen des Schul- und Sportamts seine neue Gesch\u00e4ftsstelle er\u00f6ffnet. Sie soll eine zentrale Anlaufstelle f\u00fcr alle Sportvereine der Region bilden und einen verbesserten Service bieten. Die \u00d6ffnungszeiten werden erheblich ausgeweitet (siehe unten).<\/p>\n<p>Bei der offiziellen Er\u00f6ffnung der R\u00e4ume schw\u00e4rmte der Vorsitzende des Sportkreises Fulda-H\u00fcnfeld, Hein-Peter M\u00f6ller, regelrecht von den Vorteilen der neuen Gesch\u00e4ftsstelle: \u201eDie Lage und die Bedingungen sind einfach ideal. Davon k\u00f6nnen viele andere Sportkreise nur tr\u00e4umen.\u201c Gleichzeitig hoffe man auf vielseitige Synergieeffekte durch die N\u00e4he zum Schul- und Sportamt der Stadt. M\u00f6llers Dank galt vor allem Fuldas B\u00fcrgermeister Dag Wehner, der sich pers\u00f6nlich f\u00fcr die Ansiedlung der Gesch\u00e4ftsstelle eingesetzt hatte. Die Gelegenheit ergab sich durch den Umbau des historischen Palais Altenstein (zwischen Busbahnhof am Heertor und dem ehemaligen Hotel Kurf\u00fcrst gelegen). In der Remise des Geb\u00e4udekomplexes, die durch den Torbogen von der Nonnengasse her erreichbar ist, haben nun sowohl das Schul- und Sportamt als auch der Sportkreis ihr Domizil gefunden.<br \/>\nM\u00f6ller dankte auch dem Vizepr\u00e4sidenten des Landessportbundes Hessen, Helmut Meister (Schl\u00fcchtern), der zur Er\u00f6ffnung nach Fulda gekommen war und Gr\u00fc\u00dfe, kleine Geschenke und die besten W\u00fcnsche des Verbandes \u00fcberbrachte. Der Landessportbund hatte den im Jahr 2013 fusionierten Sportkreis Fulda-H\u00fcnfeld bei der Ausstattung der Gesch\u00e4ftsstelle finanziell unterst\u00fctzt. <\/p>\n<p>Fuldas B\u00fcrgermeister Dag Wehner, der als Geschenk zur Er\u00f6ffnung ein Bild mit Motiven und Sehensw\u00fcrdigkeiten aus Fulda mitgebracht hatte, skizzierte noch einmal die Historie der Zusammenarbeit zwischen Stadt und Sportkreis seit den 90er Jahren. Damals gab bereits ein winziges R\u00e4umchen f\u00fcr die Sportabzeichen-Stelle im Palais Altenstein. Die nun geschaffene Gesch\u00e4ftsstelle, die von der \u201eSportstadt Fulda\u201c gerne unterst\u00fctzt werde, so Wehner, biete nun beste Voraussetzungen f\u00fcr einen guten Service f\u00fcr die Vereine sowie f\u00fcr eine gute Zusammenarbeit mit Sportamt der Stadt. <\/p>\n<p>Die Sportabzeichen-Obfrau des Sportkreises, Elke Piaskowski, wird k\u00fcnftig die Gesch\u00e4ftsstelle leiten. Auch sie zeigte sich begeistert von dem neuen Raum und lobte den \u201ekurzen Draht\u201c zu den Mitarbeiterinnen und Mitarbeitern des st\u00e4dtischen Schul- und Sportamts. <\/p>\n<p>Die neuen \u00d6ffnungszeiten der Gesch\u00e4ftsstelle (ab 1. Juli): \u00e2\u20ac\u00a8Montags: 10 bis 12 Uhr und 15 bis 18 Uhr<br \/>\nMittwochs: 15 bis 18 Uhr<br \/>\nDonnerstag: 10 bis 12 Uhr<\/p>\n","protected":false},"excerpt":{"rendered":"<div class=\"tmnf_excerpt\"><p>Seit vielen Jahren besteht eine enge Zusammenarbeit zwischen dem Schul- und Sportamt der Stadt Fulda und dem Sportkreis 18 Fulda-H\u00fcnfeld \u2013 insbesondere bei der Abwicklung des Sportabzeichens. Jetzt wird diese langj\u00e4hrige Kooperation noch intensiver: Der Sportkreis hat im Palais Altenstein in unmittelbarer N\u00e4he zu den R\u00e4umen des Schul- und Sportamts seine neue Gesch\u00e4ftsstelle er\u00f6ffnet. Sie &hellip;<\/p>\n<\/div>","protected":false},"author":1,"featured_media":164433,"comment_status":"closed","ping_status":"closed","sticky":false,"template":"","format":"standard","meta":{"footnotes":""},"categories":[1],"tags":[],"class_list":["post-164432","post","type-post","status-publish","format-standard","has-post-thumbnail","hentry","category-startseite"],"_links":{"self":[{"href":"https:\/\/www.fuldaernachrichten.de\/index.php?rest_route=\/wp\/v2\/posts\/164432","targetHints":{"allow":["GET"]}}],"collection":[{"href":"https:\/\/www.fuldaernachrichten.de\/index.php?rest_route=\/wp\/v2\/posts"}],"about":[{"href":"https:\/\/www.fuldaernachrichten.de\/index.php?rest_route=\/wp\/v2\/types\/post"}],"author":[{"embeddable":true,"href":"https:\/\/www.fuldaernachrichten.de\/index.php?rest_route=\/wp\/v2\/users\/1"}],"replies":[{"embeddable":true,"href":"https:\/\/www.fuldaernachrichten.de\/index.php?rest_route=%2Fwp%2Fv2%2Fcomments&post=164432"}],"version-history":[{"count":1,"href":"https:\/\/www.fuldaernachrichten.de\/index.php?rest_route=\/wp\/v2\/posts\/164432\/revisions"}],"predecessor-version":[{"id":164435,"href":"https:\/\/www.fuldaernachrichten.de\/index.php?rest_route=\/wp\/v2\/posts\/164432\/revisions\/164435"}],"wp:featuredmedia":[{"embeddable":true,"href":"https:\/\/www.fuldaernachrichten.de\/index.php?rest_route=\/wp\/v2\/media\/164433"}],"wp:attachment":[{"href":"https:\/\/www.fuldaernachrichten.de\/index.php?rest_route=%2Fwp%2Fv2%2Fmedia&parent=164432"}],"wp:term":[{"taxonomy":"category","embeddable":true,"href":"https:\/\/www.fuldaernachrichten.de\/index.php?rest_route=%2Fwp%2Fv2%2Fcategories&post=164432"},{"taxonomy":"post_tag","embeddable":true,"href":"https:\/\/www.fuldaernachrichten.de\/index.php?rest_route=%2Fwp%2Fv2%2Ftags&post=164432"}],"curies":[{"name":"wp","href":"https:\/\/api.w.org\/{rel}","templated":true}]}}