{"id":164426,"date":"2017-06-14T07:36:19","date_gmt":"2017-06-14T05:36:19","guid":{"rendered":"http:\/\/www.fuldaer-nachrichten.de\/?p=164426"},"modified":"2017-06-14T07:36:19","modified_gmt":"2017-06-14T05:36:19","slug":"die-beratungsstelle-fulda-der-verbraucherzentrale-hessen-feiert-50-jaehriges-bestehen","status":"publish","type":"post","link":"https:\/\/www.fuldaernachrichten.de\/?p=164426","title":{"rendered":"Die Beratungsstelle Fulda der Verbraucherzentrale Hessen feiert 50-j\u00e4hriges Bestehen"},"content":{"rendered":"<p>Ob Fragen zu Vertr\u00e4gen, zu Finanzen oder zur Ern\u00e4hrung: Seit 50 Jahren ber\u00e4t die Verbraucherzentrale in Fulda Konsumenten zu vielen rechtlichen und finanziellen Angelegenheiten. Am 23. Juni 2017 feiert die Beratungsstelle ihr Jubil\u00e4um \u2013 zun\u00e4chst im Rahmen eines Festaktes im Fuldaer Schloss, anschlie\u00dfend gemeinsam mit Verbrauchern sowohl in der Beratungsstelle als auch auf dem Buttermarkt. Die Feierlichkeiten werden von zwei Vortr\u00e4gen umrahmt, die am 21. und 27. Juni 2017 stattfinden. Die Teilnahme an den Vortr\u00e4gen ist kostenlos.<\/p>\n<p>Von der Waschmaschine bis zum Kreditvertrag: Ging es in den 60er-Jahren noch um Haushaltsger\u00e4te und Ern\u00e4hrungsberatung, fragen Verbraucher heute nach Rechtsberatung oder Informationen zur finanziellen Vorsorge und zum Gesundheitsmarkt. Im Beratungsgespr\u00e4ch lernen Konsumenten ihre Rechte gegen\u00fcber Unternehmen kennen und erfahren, wie sie diese einfordern k\u00f6nnen. H\u00e4ufig kommt es vor, dass Verbraucher Vertr\u00e4ge unterschreiben, deren Tragweite ihnen erst sp\u00e4ter bewusst. Die Beraterinnen in Fulda pr\u00fcfen dann zum Beispiel, welche gesetzlichen M\u00f6glichkeiten es gibt, diese Vertr\u00e4ge wieder zu l\u00f6sen und welche Alternativen die Ratsuchenden haben.<\/p>\n<p>In der Festwoche zum 50-j\u00e4hrigen Bestehen der Beratungsstelle Fulda finden folgende Veranstaltungen statt:<\/p>\n<p>\u00c2\u00b7 Patientenverf\u00fcgung und Vorsorgevollmacht:<br \/>\n21. Juni, 17 Uhr, Vortrag in der Beratungsstelle Fulda<\/p>\n<p>\u00c2\u00b7 Festakt im Schloss:<br \/>\n23. Juni 2017, 10.30 Uhr<\/p>\n<p>\u00c2\u00b7 Tag der offenen T\u00fcr zum 50-j\u00e4hrigen Jubil\u00e4um:<br \/>\n23. Juni, 14 \u2013 17 Uhr, Beratungsstelle Fulda, Karlstra\u00dfe 2<br \/>\nmit Infostand auf dem Buttermarkt<\/p>\n<p>\u00c2\u00b7 Digitaler Alltag: Wie bewege ich mich sicher im Internet?<br \/>\n27. Juni, 17 Uhr, Vortrag in der Beratungsstelle Fulda<\/p>\n<p>Erg\u00e4nzende Informationen f\u00fcr Verbraucher:<\/p>\n<p> \u00d6ffnungszeiten der Beratungsstelle Fulda:<br \/>\nMontag 10 \u2013 13 Uhr<br \/>\nDienstag 10 \u2013 13 Uhr, 14 \u2013 17 Uhr<br \/>\nMittwoch 10 \u2013 13 Uhr, 14 \u2013 17 Uhr<br \/>\nDonnerstag geschlossen<br \/>\nFreitag nach Vereinbarung<\/p>\n<p>\u00c2\u00b7 Hessenweites Servicetelefon (069) 972010-900. Informationen \u00fcber das Beratungs- und Seminarangebote sowie die \u00d6ffnungszeiten der Beratungsstellen der Verbraucherzentrale Hessen; Terminvereinbarung m\u00f6glich. Keine Beratung!<\/p>\n","protected":false},"excerpt":{"rendered":"<div class=\"tmnf_excerpt\"><p>Ob Fragen zu Vertr\u00e4gen, zu Finanzen oder zur Ern\u00e4hrung: Seit 50 Jahren ber\u00e4t die Verbraucherzentrale in Fulda Konsumenten zu vielen rechtlichen und finanziellen Angelegenheiten. Am 23. Juni 2017 feiert die Beratungsstelle ihr Jubil\u00e4um \u2013 zun\u00e4chst im Rahmen eines Festaktes im Fuldaer Schloss, anschlie\u00dfend gemeinsam mit Verbrauchern sowohl in der Beratungsstelle als auch auf dem Buttermarkt. &hellip;<\/p>\n<\/div>","protected":false},"author":1,"featured_media":0,"comment_status":"closed","ping_status":"closed","sticky":false,"template":"","format":"standard","meta":{"footnotes":""},"categories":[1],"tags":[],"class_list":["post-164426","post","type-post","status-publish","format-standard","hentry","category-startseite"],"_links":{"self":[{"href":"https:\/\/www.fuldaernachrichten.de\/index.php?rest_route=\/wp\/v2\/posts\/164426","targetHints":{"allow":["GET"]}}],"collection":[{"href":"https:\/\/www.fuldaernachrichten.de\/index.php?rest_route=\/wp\/v2\/posts"}],"about":[{"href":"https:\/\/www.fuldaernachrichten.de\/index.php?rest_route=\/wp\/v2\/types\/post"}],"author":[{"embeddable":true,"href":"https:\/\/www.fuldaernachrichten.de\/index.php?rest_route=\/wp\/v2\/users\/1"}],"replies":[{"embeddable":true,"href":"https:\/\/www.fuldaernachrichten.de\/index.php?rest_route=%2Fwp%2Fv2%2Fcomments&post=164426"}],"version-history":[{"count":1,"href":"https:\/\/www.fuldaernachrichten.de\/index.php?rest_route=\/wp\/v2\/posts\/164426\/revisions"}],"predecessor-version":[{"id":164431,"href":"https:\/\/www.fuldaernachrichten.de\/index.php?rest_route=\/wp\/v2\/posts\/164426\/revisions\/164431"}],"wp:attachment":[{"href":"https:\/\/www.fuldaernachrichten.de\/index.php?rest_route=%2Fwp%2Fv2%2Fmedia&parent=164426"}],"wp:term":[{"taxonomy":"category","embeddable":true,"href":"https:\/\/www.fuldaernachrichten.de\/index.php?rest_route=%2Fwp%2Fv2%2Fcategories&post=164426"},{"taxonomy":"post_tag","embeddable":true,"href":"https:\/\/www.fuldaernachrichten.de\/index.php?rest_route=%2Fwp%2Fv2%2Ftags&post=164426"}],"curies":[{"name":"wp","href":"https:\/\/api.w.org\/{rel}","templated":true}]}}