{"id":164406,"date":"2017-06-14T07:31:10","date_gmt":"2017-06-14T05:31:10","guid":{"rendered":"http:\/\/www.fuldaer-nachrichten.de\/?p=164406"},"modified":"2017-06-14T07:31:10","modified_gmt":"2017-06-14T05:31:10","slug":"diagnose-hirntumor-%e2%80%a8gut-und-sicher-behandeln-welt-hirntumor-tag-2017-%e2%80%a8im-klinikum-fulda","status":"publish","type":"post","link":"https:\/\/www.fuldaernachrichten.de\/?p=164406","title":{"rendered":"Diagnose Hirntumor: \u00e2\u20ac\u00a8Gut und sicher behandeln! Welt-Hirntumor-Tag 2017 \u00e2\u20ac\u00a8im Klinikum Fulda"},"content":{"rendered":"<p>Diagnose Hirntumor! Diese Botschaft ist f\u00fcr Betroffende und Angeh\u00f6rige immer noch vernichtend. Aber: Zwei Drittel der Hirntumoren sind gutartig und h\u00e4ufig gut behandelbar. Die wenigsten Tumoren im Kopf sind Hirntumoren im eigentlichen Sinne. Durch die modernen Verfahren haben Hirntumoren viel von ihrem Schrecken der fr\u00fcheren Jahre verloren.  Die Deutsche Hirntumorhilfe ruft jedes Jahr zum \u201eWelt-Hirntumor-Tag\u201c auf. Im Rahmen dieser Veranstaltung informiert das Team des Kopf- und Sch\u00e4delbasis-Zentrums (KSBZ) am Klinikum Fulda im H\u00f6rsaal am 21.06.2017, von  17.00 bis 19.00 Uhr rund um die Diagnose Hirntumor.<br \/>\nDie Experten des Kopf- und Sch\u00e4delbasis-Zentrums informieren \u00fcber die Symptome, Untersuchungsm\u00f6glichkeiten und die moderne Behandlung von Hirntumoren: Prof. Dr. Erich Hofmann, Direktor der Klinik f\u00fcr Diagnostische und Interventionelle Neuroradiologie, erl\u00e4utert die Bildgebung bei Hirntumoren und erm\u00f6glicht einen \u201eBlick aufs Gehirn ohne Messer\u201c. \u00dcber die aktuellen Behandlungsm\u00f6glichkeiten der Hirntumore spricht Dr. Ali Reza Hedjrat Hedjrat, Oberarzt der Klinik f\u00fcr Neurochirurgie. Prof. Dr. Horst J\u00fcrgen Feldmann (Direktor des Instituts f\u00fcr Radioonkologie-Strahlentherapie) zeigt den Stellenwert der Strahlentherapie in der multimodalen Therapie von Hirntumoren auf. Moderiert wird die Informationsveranstaltung von Prof. Dr. Robert Behr (Direktor der Klinik f\u00fcr Neurochirurgie). Mit den Experten des Kopf- und Sch\u00e4delbasis-Zentrums direkt ins Gespr\u00e4ch kommen, k\u00f6nnen die Besucher im Anschluss an die Vortr\u00e4ge. Die Veranstaltung erfolgt im Rahmen des Onkologischen Zentrums am Klinikum Fulda und des Onkologischen Zentrums Osthessen. Auch f\u00fcr das leibliche Wohl ist gesorgt. Alle Interessierten sind herzlich eingeladen! Eine Anmeldung ist nicht erforderlich.<\/p>\n","protected":false},"excerpt":{"rendered":"<div class=\"tmnf_excerpt\"><p>Diagnose Hirntumor! Diese Botschaft ist f\u00fcr Betroffende und Angeh\u00f6rige immer noch vernichtend. Aber: Zwei Drittel der Hirntumoren sind gutartig und h\u00e4ufig gut behandelbar. Die wenigsten Tumoren im Kopf sind Hirntumoren im eigentlichen Sinne. Durch die modernen Verfahren haben Hirntumoren viel von ihrem Schrecken der fr\u00fcheren Jahre verloren. Die Deutsche Hirntumorhilfe ruft jedes Jahr zum \u201eWelt-Hirntumor-Tag\u201c &hellip;<\/p>\n<\/div>","protected":false},"author":1,"featured_media":0,"comment_status":"closed","ping_status":"closed","sticky":false,"template":"","format":"standard","meta":{"footnotes":""},"categories":[1],"tags":[],"class_list":["post-164406","post","type-post","status-publish","format-standard","hentry","category-startseite"],"_links":{"self":[{"href":"https:\/\/www.fuldaernachrichten.de\/index.php?rest_route=\/wp\/v2\/posts\/164406","targetHints":{"allow":["GET"]}}],"collection":[{"href":"https:\/\/www.fuldaernachrichten.de\/index.php?rest_route=\/wp\/v2\/posts"}],"about":[{"href":"https:\/\/www.fuldaernachrichten.de\/index.php?rest_route=\/wp\/v2\/types\/post"}],"author":[{"embeddable":true,"href":"https:\/\/www.fuldaernachrichten.de\/index.php?rest_route=\/wp\/v2\/users\/1"}],"replies":[{"embeddable":true,"href":"https:\/\/www.fuldaernachrichten.de\/index.php?rest_route=%2Fwp%2Fv2%2Fcomments&post=164406"}],"version-history":[{"count":1,"href":"https:\/\/www.fuldaernachrichten.de\/index.php?rest_route=\/wp\/v2\/posts\/164406\/revisions"}],"predecessor-version":[{"id":164409,"href":"https:\/\/www.fuldaernachrichten.de\/index.php?rest_route=\/wp\/v2\/posts\/164406\/revisions\/164409"}],"wp:attachment":[{"href":"https:\/\/www.fuldaernachrichten.de\/index.php?rest_route=%2Fwp%2Fv2%2Fmedia&parent=164406"}],"wp:term":[{"taxonomy":"category","embeddable":true,"href":"https:\/\/www.fuldaernachrichten.de\/index.php?rest_route=%2Fwp%2Fv2%2Fcategories&post=164406"},{"taxonomy":"post_tag","embeddable":true,"href":"https:\/\/www.fuldaernachrichten.de\/index.php?rest_route=%2Fwp%2Fv2%2Ftags&post=164406"}],"curies":[{"name":"wp","href":"https:\/\/api.w.org\/{rel}","templated":true}]}}