{"id":164404,"date":"2017-06-14T07:32:29","date_gmt":"2017-06-14T05:32:29","guid":{"rendered":"http:\/\/www.fuldaer-nachrichten.de\/?p=164404"},"modified":"2017-06-14T07:32:29","modified_gmt":"2017-06-14T05:32:29","slug":"klinikum-fulda-baut-neugestaltung-des-vorplatzes","status":"publish","type":"post","link":"https:\/\/www.fuldaernachrichten.de\/?p=164404","title":{"rendered":"Klinikum Fulda baut: Neugestaltung des Vorplatzes"},"content":{"rendered":"<p><a href=\"http:\/\/www.fuldaer-nachrichten.de\/wp-content\/uploads\/2017\/06\/Spatenstich_13.06.2017.jpg\"><img decoding=\"async\" src=\"http:\/\/www.fuldaer-nachrichten.de\/wp-content\/uploads\/2017\/06\/Spatenstich_13.06.2017-265x152.jpg\" alt=\"\" width=\"265\" height=\"152\" class=\"alignleft size-thumbnail wp-image-164411\" srcset=\"https:\/\/www.fuldaernachrichten.de\/wp-content\/uploads\/2017\/06\/Spatenstich_13.06.2017-265x152.jpg 265w, https:\/\/www.fuldaernachrichten.de\/wp-content\/uploads\/2017\/06\/Spatenstich_13.06.2017-768x441.jpg 768w, https:\/\/www.fuldaernachrichten.de\/wp-content\/uploads\/2017\/06\/Spatenstich_13.06.2017-600x345.jpg 600w, https:\/\/www.fuldaernachrichten.de\/wp-content\/uploads\/2017\/06\/Spatenstich_13.06.2017.jpg 900w\" sizes=\"(max-width: 265px) 100vw, 265px\" \/><\/a>Endlich: Nach mehr als 6 Jahren wird der Vorplatz des Klinikums Fulda komplett neu angeordnet. In den n\u00e4chsten f\u00fcnf Monaten werden in vier Bauabschnitten insgesamt Mittel in H\u00f6he von 1,4 Millionen Euro investiert. Die Kosten tr\u00e4gt die Stadt Fulda.<br \/>\n\u201eDie Neuordnung des\u00c2\u00a0Vorplatzes ist mehr als \u00fcberf\u00e4llig. Mit der Er\u00f6ffnung der neuen Eingangshalle sollte im Jahr 2011 auch der Vorplatz neu gestaltet werden. Dieses Vorhaben musste damals auf Eis gelegt werden\u201c, so Vorstandssprecher PD Dr. Thomas Menzel. \u201eWir freuen uns, dass wir jetzt endlich mit dem Projekt starten. Unser Dank gilt der Stadt Fulda, die die Finanzierung \u00fcbernimmt&#8221;, erg\u00e4nzt sein Kollege Andr\u00e9 Eydt.\u00c2\u00a0<\/p>\n<p>Gestalterisches Hauptmerkmal wird eine Magistrale, die sich von der zentralen T\u00fcr der Eingangshalle bis zur Pacelliallee erstrecken wird. Die Planung wurde vom B\u00fcro Alkewitz aus Erfurt erstellt, das bereits im Jahr 2010 mit den Planungen der Au\u00dfenanlagen im Rahmen der neuen Eingangshalle beauftragt worden war. Die bauliche Ausf\u00fchrung \u00fcbernimmt die Firma Heinrich K\u00fcllmer GmbH &#038; Co. KG aus Fulda.<\/p>\n<p>Neben der Magistrale entstehen Parkpl\u00e4tze f\u00fcr den Taxiverkehr sowie f\u00fcr Personen mit spezieller Berechtigung. Komplettiert wird das Ensemble durch einen Bring- und Abholbereich sowie Kurzzeitparkpl\u00e4tze. Im Bereich vor der Kinderklinik wird ein ansprechender Kinderspielplatz mit Spielger\u00e4ten und viel Gr\u00fcn\u00c2\u00a0entstehen.\u00c2\u00a0<\/p>\n<p>Da der Vorplatz derzeit als Kurzzeitparkplatz genutzt wird, werden die ca. 60 Pl\u00e4tze im Zuge der Bauarbeiten teilweise nicht zur Verf\u00fcgung stehen. Daf\u00fcr werden in verschiedenen Bereichen zus\u00e4tzliche Parkpl\u00e4tze als Ausgleichsma\u00dfnahme geschaffen. So wird beispielsweise die parallel zur Pacelliallee verf\u00fcgbare Parkfl\u00e4che erweitert und auch der ehemalige Parkplatz unter dem Hubschrauberhangar wird wieder aktiviert. <\/p>\n<p>Nichtsdestotrotz kann es zu Spitzenzeiten \u2013 vor allem in der Mittagszeit \u2013 zu vermehrtem Parksuchverkehr auf dem Klinikumsgel\u00e4nde kommen. Deshalb wurden die Arbeiten auch in die Sommermonate gelegt, da erfahrungsgem\u00e4\u00df ein gr\u00f6\u00dferer Anteil der Mitarbeiterinnen und Mitarbeiter auf dem Weg zur Arbeit das Fahrrad anstatt des Autos nutzt. Dar\u00fcber hinaus ist das Klinikum auch mit \u00f6ffentlichen Verkehrsmitteln gut erreichbar. <\/p>\n<p>\u201eMit der Neugestaltung des Vorplatzes wird das langj\u00e4hrige Provisorium endlich aufgel\u00f6st und das Klinikum erh\u00e4lt ein angemessenes Entree. Das ist ein kleiner aber wichtiger Baustein im Zuge der baulichen Konsolidierung. Die Finanzierung durch die Stadt ist Ausdruck unserer Verantwortung f\u00fcr das Klinikum\u201c, stellt Oberb\u00fcrgermeister und Aufsichtsratsvorsitzender der Klinikum Fulda gAG Dr. Heiko Wingenfeld fest. <\/p>\n<p>Anlagen:<br \/>\nPlan des umgestalteten Vorplatzes<br \/>\nFotos (A. Lauenroth)<\/p>\n","protected":false},"excerpt":{"rendered":"<div class=\"tmnf_excerpt\"><p>Endlich: Nach mehr als 6 Jahren wird der Vorplatz des Klinikums Fulda komplett neu angeordnet. In den n\u00e4chsten f\u00fcnf Monaten werden in vier Bauabschnitten insgesamt Mittel in H\u00f6he von 1,4 Millionen Euro investiert. Die Kosten tr\u00e4gt die Stadt Fulda. \u201eDie Neuordnung des\u00c2\u00a0Vorplatzes ist mehr als \u00fcberf\u00e4llig. Mit der Er\u00f6ffnung der neuen Eingangshalle sollte im Jahr &hellip;<\/p>\n<\/div>","protected":false},"author":1,"featured_media":164412,"comment_status":"closed","ping_status":"closed","sticky":false,"template":"","format":"standard","meta":{"footnotes":""},"categories":[1],"tags":[],"class_list":["post-164404","post","type-post","status-publish","format-standard","has-post-thumbnail","hentry","category-startseite"],"_links":{"self":[{"href":"https:\/\/www.fuldaernachrichten.de\/index.php?rest_route=\/wp\/v2\/posts\/164404","targetHints":{"allow":["GET"]}}],"collection":[{"href":"https:\/\/www.fuldaernachrichten.de\/index.php?rest_route=\/wp\/v2\/posts"}],"about":[{"href":"https:\/\/www.fuldaernachrichten.de\/index.php?rest_route=\/wp\/v2\/types\/post"}],"author":[{"embeddable":true,"href":"https:\/\/www.fuldaernachrichten.de\/index.php?rest_route=\/wp\/v2\/users\/1"}],"replies":[{"embeddable":true,"href":"https:\/\/www.fuldaernachrichten.de\/index.php?rest_route=%2Fwp%2Fv2%2Fcomments&post=164404"}],"version-history":[{"count":1,"href":"https:\/\/www.fuldaernachrichten.de\/index.php?rest_route=\/wp\/v2\/posts\/164404\/revisions"}],"predecessor-version":[{"id":164413,"href":"https:\/\/www.fuldaernachrichten.de\/index.php?rest_route=\/wp\/v2\/posts\/164404\/revisions\/164413"}],"wp:featuredmedia":[{"embeddable":true,"href":"https:\/\/www.fuldaernachrichten.de\/index.php?rest_route=\/wp\/v2\/media\/164412"}],"wp:attachment":[{"href":"https:\/\/www.fuldaernachrichten.de\/index.php?rest_route=%2Fwp%2Fv2%2Fmedia&parent=164404"}],"wp:term":[{"taxonomy":"category","embeddable":true,"href":"https:\/\/www.fuldaernachrichten.de\/index.php?rest_route=%2Fwp%2Fv2%2Fcategories&post=164404"},{"taxonomy":"post_tag","embeddable":true,"href":"https:\/\/www.fuldaernachrichten.de\/index.php?rest_route=%2Fwp%2Fv2%2Ftags&post=164404"}],"curies":[{"name":"wp","href":"https:\/\/api.w.org\/{rel}","templated":true}]}}