{"id":164394,"date":"2017-06-14T07:30:22","date_gmt":"2017-06-14T05:30:22","guid":{"rendered":"http:\/\/www.fuldaer-nachrichten.de\/?p=164394"},"modified":"2017-06-14T07:30:22","modified_gmt":"2017-06-14T05:30:22","slug":"cdu-reise-in-die-steiermark","status":"publish","type":"post","link":"https:\/\/www.fuldaernachrichten.de\/?p=164394","title":{"rendered":"CDU-Reise in die Steiermark"},"content":{"rendered":"<p>Der CDU-Gemeindeverband Kalbach mit Reisefreunden bietet vom 27.09. \u2013 01.10.2017 eine 5-t\u00e4gige Busreise nach \u00d6sterreich in die Steiermark an. Die Unterbringung erfolgt in einem sehr guten Hotel bei Graz. Neben vier \u00dcbernachtungen mit Halbpension sind zahlreiche weitere Leistungen, wie z. B. der Besuch einer \u00d6lm\u00fchle, Schnapsverkostung und Brettljause sowie alle Ausfl\u00fcge (Stadtf\u00fchrung Graz, S\u00fcdsteirische Weinstra\u00dfe, Obersteiermark mit Red-Bull-Ring) schon im Reisepreis enthalten. Anmeldung und Information bei: Wolfgang Maul, Kalbach, Tel. (06655) 8820.<\/p>\n","protected":false},"excerpt":{"rendered":"<div class=\"tmnf_excerpt\"><p>Der CDU-Gemeindeverband Kalbach mit Reisefreunden bietet vom 27.09. \u2013 01.10.2017 eine 5-t\u00e4gige Busreise nach \u00d6sterreich in die Steiermark an. Die Unterbringung erfolgt in einem sehr guten Hotel bei Graz. Neben vier \u00dcbernachtungen mit Halbpension sind zahlreiche weitere Leistungen, wie z. B. der Besuch einer \u00d6lm\u00fchle, Schnapsverkostung und Brettljause sowie alle Ausfl\u00fcge (Stadtf\u00fchrung Graz, S\u00fcdsteirische Weinstra\u00dfe, &hellip;<\/p>\n<\/div>","protected":false},"author":1,"featured_media":0,"comment_status":"closed","ping_status":"closed","sticky":false,"template":"","format":"standard","meta":{"footnotes":""},"categories":[1],"tags":[],"class_list":["post-164394","post","type-post","status-publish","format-standard","hentry","category-startseite"],"_links":{"self":[{"href":"https:\/\/www.fuldaernachrichten.de\/index.php?rest_route=\/wp\/v2\/posts\/164394","targetHints":{"allow":["GET"]}}],"collection":[{"href":"https:\/\/www.fuldaernachrichten.de\/index.php?rest_route=\/wp\/v2\/posts"}],"about":[{"href":"https:\/\/www.fuldaernachrichten.de\/index.php?rest_route=\/wp\/v2\/types\/post"}],"author":[{"embeddable":true,"href":"https:\/\/www.fuldaernachrichten.de\/index.php?rest_route=\/wp\/v2\/users\/1"}],"replies":[{"embeddable":true,"href":"https:\/\/www.fuldaernachrichten.de\/index.php?rest_route=%2Fwp%2Fv2%2Fcomments&post=164394"}],"version-history":[{"count":1,"href":"https:\/\/www.fuldaernachrichten.de\/index.php?rest_route=\/wp\/v2\/posts\/164394\/revisions"}],"predecessor-version":[{"id":164405,"href":"https:\/\/www.fuldaernachrichten.de\/index.php?rest_route=\/wp\/v2\/posts\/164394\/revisions\/164405"}],"wp:attachment":[{"href":"https:\/\/www.fuldaernachrichten.de\/index.php?rest_route=%2Fwp%2Fv2%2Fmedia&parent=164394"}],"wp:term":[{"taxonomy":"category","embeddable":true,"href":"https:\/\/www.fuldaernachrichten.de\/index.php?rest_route=%2Fwp%2Fv2%2Fcategories&post=164394"},{"taxonomy":"post_tag","embeddable":true,"href":"https:\/\/www.fuldaernachrichten.de\/index.php?rest_route=%2Fwp%2Fv2%2Ftags&post=164394"}],"curies":[{"name":"wp","href":"https:\/\/api.w.org\/{rel}","templated":true}]}}