{"id":164393,"date":"2017-06-14T07:30:03","date_gmt":"2017-06-14T05:30:03","guid":{"rendered":"http:\/\/www.fuldaer-nachrichten.de\/?p=164393"},"modified":"2017-06-14T07:30:03","modified_gmt":"2017-06-14T05:30:03","slug":"heute-hab-ich-mich-abgeseilt-mediana-azubiausflug-2017","status":"publish","type":"post","link":"https:\/\/www.fuldaernachrichten.de\/?p=164393","title":{"rendered":"\u201cHeute hab ich mich abgeseilt\u00e2\u20ac\u009d &#8211; Mediana Azubiausflug 2017"},"content":{"rendered":"<p><a href=\"http:\/\/www.fuldaer-nachrichten.de\/wp-content\/uploads\/2017\/06\/AzubiausflugBild2.jpg\"><img fetchpriority=\"high\" decoding=\"async\" src=\"http:\/\/www.fuldaer-nachrichten.de\/wp-content\/uploads\/2017\/06\/AzubiausflugBild2-265x309.jpg\" alt=\"\" width=\"265\" height=\"309\" class=\"alignleft size-thumbnail wp-image-164402\" srcset=\"https:\/\/www.fuldaernachrichten.de\/wp-content\/uploads\/2017\/06\/AzubiausflugBild2-265x309.jpg 265w, https:\/\/www.fuldaernachrichten.de\/wp-content\/uploads\/2017\/06\/AzubiausflugBild2-228x265.jpg 228w, https:\/\/www.fuldaernachrichten.de\/wp-content\/uploads\/2017\/06\/AzubiausflugBild2-768x894.jpg 768w, https:\/\/www.fuldaernachrichten.de\/wp-content\/uploads\/2017\/06\/AzubiausflugBild2-515x600.jpg 515w, https:\/\/www.fuldaernachrichten.de\/wp-content\/uploads\/2017\/06\/AzubiausflugBild2.jpg 895w\" sizes=\"(max-width: 265px) 100vw, 265px\" \/><\/a>Am Freitag, den 09.06.2017 fand der diesj\u00e4hrige Azubi-Ausflug f\u00fcr die insgesamt 80 Auszubildenden der  6 Einrichtungen der Unternehmensgruppe Mediana  statt. Patricia Bott, Leiterin der Mediana Akademie, hat auch in diesem Jahr wieder ein buntes Programm zusammengestellt, um den Teamgeist und die Teambildung unter den Auszubildenden zu f\u00f6rdern.<\/p>\n<p>Der Tag startete im Josefsgarten, wo ein reichliches Fr\u00fchst\u00fcck auf die Nachwuchskr\u00e4fte wartete. Gut gest\u00e4rkt ging es mit dem Bus weiter Richtung Rh\u00f6n zur  Bergsportschule Poppenhausen, in der die Azubis in 5 Gruppen aufgeteilt und mit der Tageschallenge vertraut gemacht wurden. So gab es zu Beginn einen Wettkampf an der Kletterwand, der h\u00f6chste Konzentration von jedem abverlangte. Mit einem Skizzenplan in der Hand legten die Gruppen eine Tour von insgesamt 5 km L\u00e4nge zur\u00fcck, die weitere Herausforderungen wie z. B. eine Intelligenzaufgabe oder Bogenschie\u00dfen f\u00fcr die einzelnen Teams bereit hielt. <\/p>\n<p>Ziel der Tour und gleichzeitig letzter Teil der Challenge war die Steinwand, die mit ihrer 28 Meter hohen Felswand  eine beindruckende Kulisse f\u00fcr eine Mutprobe bietet. Hier waren die Teams gefordert, denn es galt, aus den eigenen Reihen Freiwillige zu finden, die bereit waren, mit Kletterausr\u00fcstung gesichert und unter fachkundiger Anleitung sich abzuseilen, um dadurch das Punktekonto der Gruppe mit Zusatzpunkten aufzustocken.<br \/>\nDie Siegerehrung fand nach einem wohlverdienten Essen im Gasthaus zur Steinwand statt. Die Erstplatzierten bekamen als Preis einen Mediana-Rucksack, die Gewinner des zweiten Platzes erhielten einen Kinogutschein und die Drittplatzierten durften sich \u00fcber ein Mediana-\u00dcberlebenspaket freuen.<\/p>\n<p>Die Auszubildenden blickten gemeinsam mit dem Betreuer-Team auf einen spannenden Tag zur\u00fcck, an dem mit Teamarbeit die einzelnen  Aufgaben der Challenge gemeistert und viele neue Bekanntschaften gemacht wurden.<\/p>\n","protected":false},"excerpt":{"rendered":"<div class=\"tmnf_excerpt\"><p>Am Freitag, den 09.06.2017 fand der diesj\u00e4hrige Azubi-Ausflug f\u00fcr die insgesamt 80 Auszubildenden der 6 Einrichtungen der Unternehmensgruppe Mediana statt. Patricia Bott, Leiterin der Mediana Akademie, hat auch in diesem Jahr wieder ein buntes Programm zusammengestellt, um den Teamgeist und die Teambildung unter den Auszubildenden zu f\u00f6rdern. Der Tag startete im Josefsgarten, wo ein reichliches &hellip;<\/p>\n<\/div>","protected":false},"author":1,"featured_media":164401,"comment_status":"closed","ping_status":"closed","sticky":false,"template":"","format":"standard","meta":{"footnotes":""},"categories":[1],"tags":[],"class_list":["post-164393","post","type-post","status-publish","format-standard","has-post-thumbnail","hentry","category-startseite"],"_links":{"self":[{"href":"https:\/\/www.fuldaernachrichten.de\/index.php?rest_route=\/wp\/v2\/posts\/164393","targetHints":{"allow":["GET"]}}],"collection":[{"href":"https:\/\/www.fuldaernachrichten.de\/index.php?rest_route=\/wp\/v2\/posts"}],"about":[{"href":"https:\/\/www.fuldaernachrichten.de\/index.php?rest_route=\/wp\/v2\/types\/post"}],"author":[{"embeddable":true,"href":"https:\/\/www.fuldaernachrichten.de\/index.php?rest_route=\/wp\/v2\/users\/1"}],"replies":[{"embeddable":true,"href":"https:\/\/www.fuldaernachrichten.de\/index.php?rest_route=%2Fwp%2Fv2%2Fcomments&post=164393"}],"version-history":[{"count":1,"href":"https:\/\/www.fuldaernachrichten.de\/index.php?rest_route=\/wp\/v2\/posts\/164393\/revisions"}],"predecessor-version":[{"id":164403,"href":"https:\/\/www.fuldaernachrichten.de\/index.php?rest_route=\/wp\/v2\/posts\/164393\/revisions\/164403"}],"wp:featuredmedia":[{"embeddable":true,"href":"https:\/\/www.fuldaernachrichten.de\/index.php?rest_route=\/wp\/v2\/media\/164401"}],"wp:attachment":[{"href":"https:\/\/www.fuldaernachrichten.de\/index.php?rest_route=%2Fwp%2Fv2%2Fmedia&parent=164393"}],"wp:term":[{"taxonomy":"category","embeddable":true,"href":"https:\/\/www.fuldaernachrichten.de\/index.php?rest_route=%2Fwp%2Fv2%2Fcategories&post=164393"},{"taxonomy":"post_tag","embeddable":true,"href":"https:\/\/www.fuldaernachrichten.de\/index.php?rest_route=%2Fwp%2Fv2%2Ftags&post=164393"}],"curies":[{"name":"wp","href":"https:\/\/api.w.org\/{rel}","templated":true}]}}