{"id":164387,"date":"2017-06-14T07:28:28","date_gmt":"2017-06-14T05:28:28","guid":{"rendered":"http:\/\/www.fuldaer-nachrichten.de\/?p=164387"},"modified":"2017-06-14T07:28:28","modified_gmt":"2017-06-14T05:28:28","slug":"schuelerticket-hessen","status":"publish","type":"post","link":"https:\/\/www.fuldaernachrichten.de\/?p=164387","title":{"rendered":"Sch\u00fclerticket Hessen"},"content":{"rendered":"<p>Ab 1. August 2017 k\u00f6nnen Sch\u00fcler und Auszubildende mit dem Sch\u00fclerticket Hessen an 365 Tagen im Jahr Busse und Bahnen in ganz Hessen zum Preis von 365 Euro nutzen. In vielen F\u00e4llen werden die Kosten im Rahmen der Sch\u00fclerbef\u00f6rderung \u00fcbernommen. Weitere Informationen zum Sch\u00fclerticket Hessen gibt es auch auf der Homepage des Landkreises unter www.Landkreis-Fulda.de.<\/p>\n","protected":false},"excerpt":{"rendered":"<div class=\"tmnf_excerpt\"><p>Ab 1. August 2017 k\u00f6nnen Sch\u00fcler und Auszubildende mit dem Sch\u00fclerticket Hessen an 365 Tagen im Jahr Busse und Bahnen in ganz Hessen zum Preis von 365 Euro nutzen. In vielen F\u00e4llen werden die Kosten im Rahmen der Sch\u00fclerbef\u00f6rderung \u00fcbernommen. Weitere Informationen zum Sch\u00fclerticket Hessen gibt es auch auf der Homepage des Landkreises unter www.Landkreis-Fulda.de.<\/p>\n<\/div>","protected":false},"author":1,"featured_media":0,"comment_status":"closed","ping_status":"closed","sticky":false,"template":"","format":"standard","meta":{"footnotes":""},"categories":[1],"tags":[],"class_list":["post-164387","post","type-post","status-publish","format-standard","hentry","category-startseite"],"_links":{"self":[{"href":"https:\/\/www.fuldaernachrichten.de\/index.php?rest_route=\/wp\/v2\/posts\/164387","targetHints":{"allow":["GET"]}}],"collection":[{"href":"https:\/\/www.fuldaernachrichten.de\/index.php?rest_route=\/wp\/v2\/posts"}],"about":[{"href":"https:\/\/www.fuldaernachrichten.de\/index.php?rest_route=\/wp\/v2\/types\/post"}],"author":[{"embeddable":true,"href":"https:\/\/www.fuldaernachrichten.de\/index.php?rest_route=\/wp\/v2\/users\/1"}],"replies":[{"embeddable":true,"href":"https:\/\/www.fuldaernachrichten.de\/index.php?rest_route=%2Fwp%2Fv2%2Fcomments&post=164387"}],"version-history":[{"count":1,"href":"https:\/\/www.fuldaernachrichten.de\/index.php?rest_route=\/wp\/v2\/posts\/164387\/revisions"}],"predecessor-version":[{"id":164392,"href":"https:\/\/www.fuldaernachrichten.de\/index.php?rest_route=\/wp\/v2\/posts\/164387\/revisions\/164392"}],"wp:attachment":[{"href":"https:\/\/www.fuldaernachrichten.de\/index.php?rest_route=%2Fwp%2Fv2%2Fmedia&parent=164387"}],"wp:term":[{"taxonomy":"category","embeddable":true,"href":"https:\/\/www.fuldaernachrichten.de\/index.php?rest_route=%2Fwp%2Fv2%2Fcategories&post=164387"},{"taxonomy":"post_tag","embeddable":true,"href":"https:\/\/www.fuldaernachrichten.de\/index.php?rest_route=%2Fwp%2Fv2%2Ftags&post=164387"}],"curies":[{"name":"wp","href":"https:\/\/api.w.org\/{rel}","templated":true}]}}