{"id":164371,"date":"2017-06-14T07:27:14","date_gmt":"2017-06-14T05:27:14","guid":{"rendered":"http:\/\/www.fuldaer-nachrichten.de\/?p=164371"},"modified":"2017-06-14T07:27:23","modified_gmt":"2017-06-14T05:27:23","slug":"horst-kracht-40-jahre-bei-planen-schreiber","status":"publish","type":"post","link":"https:\/\/www.fuldaernachrichten.de\/?p=164371","title":{"rendered":"Horst Kracht 40 Jahre bei Planen-Schreiber"},"content":{"rendered":"<p>Horst Kracht (61) aus Fulda konnte jetzt sein 40j\u00e4hriges Arbeitsjubil\u00e4um bei der Firma Planen-Schreiber in Fulda feiern. Der gelernte Schaufensterdekorateur war 1977 auf eine Stellenanzeige von Schreiber aufmerksam geworden, wo jemand f\u00fcr die Beschriftung von LKW-Planen gesucht wurde. Kurzerhand sendete er seine Bewerbungsunterlagen dorthin und wurde auch prompt genommen. Schon bald wurde er aber insbesondere von seinem langj\u00e4hrigen Arbeitskollegen Mustafa Demir in alle weitere T\u00e4tigkeiten eingewiesen und konnte so innerbetrieblich zum vollwertigen Autosattler weiterqualifiziert werden.<\/p>\n<p>2002 \u00fcbernahm Kracht die Funktion des Betriebsleiters bei Planen-Schreiber. Seine heutige T\u00e4tigkeit bei Schreiber umschreibt er nicht ohne ein Augenzwinkern mit den Worten: \u201eM\u00e4dchen f\u00fcr alles \u2013 ich mache all das, was die anderen nicht machen wollen\u201c. Zum Jubil\u00e4um gratulierte Firmenchefin Renate Schreiber und die gesamte Belegschaft. Dr. Herbert B\u00fcttner von der Kreishandwerkerschaft \u00fcberbrachte die Gl\u00fcckw\u00fcnsche der Raumausstatter- und Sattler-Innung Fulda und \u00fcberreichte eine Ehrenurkunde.<\/p>\n<p>Von l.:<br \/>\nMarion Fl\u00fcgel\u00c2\u00a0\t\u00c2\u00a0\u00c2\u00a0\u00c2\u00a0\u00c2\u00a0\u00c2\u00a0\u00c2\u00a0\u00c2\u00a0\u00c2\u00a0\u00c2\u00a0\u00c2\u00a0\u00c2\u00a0\u00c2\u00a0\u00c2\u00a0\u00c2\u00a0\u00c2\u00a0\u00c2\u00a0Verwaltung, Kundenbetreuung<br \/>\nPatrick Hartung \u00c2\u00a0\u00c2\u00a0\u00c2\u00a0\u00c2\u00a0\u00c2\u00a0\u00c2\u00a0\u00c2\u00a0\u00c2\u00a0\u00c2\u00a0\u00c2\u00a0\u00c2\u00a0\u00c2\u00a0\u00c2\u00a0\t\u00c2\u00a0Auszubildender<br \/>\nRalph Th\u00fcmmel\u00c2\u00a0\u00c2\u00a0\u00c2\u00a0\u00c2\u00a0\u00c2\u00a0\u00c2\u00a0\u00c2\u00a0\u00c2\u00a0\u00c2\u00a0\u00c2\u00a0\u00c2\u00a0\u00c2\u00a0\u00c2\u00a0\u00c2\u00a0 Umsch\u00fcler<br \/>\nMustafa Demir\u00c2\u00a0\u00c2\u00a0\u00c2\u00a0\u00c2\u00a0\u00c2\u00a0\u00c2\u00a0\u00c2\u00a0\u00c2\u00a0\u00c2\u00a0\u00c2\u00a0\u00c2\u00a0\u00c2\u00a0\u00c2\u00a0\u00c2\u00a0\u00c2\u00a0\u00c2\u00a0 ehemaliger Mitarbeiter<br \/>\nHorst Kracht\u00c2\u00a0\u00c2\u00a0\u00c2\u00a0\u00c2\u00a0\u00c2\u00a0\u00c2\u00a0\u00c2\u00a0\u00c2\u00a0\u00c2\u00a0\u00c2\u00a0\u00c2\u00a0\u00c2\u00a0\u00c2\u00a0\u00c2\u00a0\u00c2\u00a0\u00c2\u00a0\u00c2\u00a0\u00c2\u00a0\u00c2\u00a0\u00c2\u00a0\u00c2\u00a0Jubilar, Betriebsleiter<br \/>\nRenate Schreiber \u00c2\u00a0\u00c2\u00a0\u00c2\u00a0\u00c2\u00a0\u00c2\u00a0\u00c2\u00a0\u00c2\u00a0\u00c2\u00a0\u00c2\u00a0\u00c2\u00a0  Inhaberin<br \/>\nBj\u00f6rn Schreiber\u00c2\u00a0\u00c2\u00a0\u00c2\u00a0\u00c2\u00a0\u00c2\u00a0\u00c2\u00a0\u00c2\u00a0\u00c2\u00a0\u00c2\u00a0\u00c2\u00a0\u00c2\u00a0\u00c2\u00a0\u00c2\u00a0\u00c2\u00a0\u00c2\u00a0 Sattlergeselle<\/p>\n","protected":false},"excerpt":{"rendered":"<div class=\"tmnf_excerpt\"><p>Horst Kracht (61) aus Fulda konnte jetzt sein 40j\u00e4hriges Arbeitsjubil\u00e4um bei der Firma Planen-Schreiber in Fulda feiern. Der gelernte Schaufensterdekorateur war 1977 auf eine Stellenanzeige von Schreiber aufmerksam geworden, wo jemand f\u00fcr die Beschriftung von LKW-Planen gesucht wurde. Kurzerhand sendete er seine Bewerbungsunterlagen dorthin und wurde auch prompt genommen. Schon bald wurde er aber insbesondere &hellip;<\/p>\n<\/div>","protected":false},"author":1,"featured_media":164382,"comment_status":"closed","ping_status":"closed","sticky":false,"template":"","format":"standard","meta":{"footnotes":""},"categories":[1],"tags":[],"class_list":["post-164371","post","type-post","status-publish","format-standard","has-post-thumbnail","hentry","category-startseite"],"_links":{"self":[{"href":"https:\/\/www.fuldaernachrichten.de\/index.php?rest_route=\/wp\/v2\/posts\/164371","targetHints":{"allow":["GET"]}}],"collection":[{"href":"https:\/\/www.fuldaernachrichten.de\/index.php?rest_route=\/wp\/v2\/posts"}],"about":[{"href":"https:\/\/www.fuldaernachrichten.de\/index.php?rest_route=\/wp\/v2\/types\/post"}],"author":[{"embeddable":true,"href":"https:\/\/www.fuldaernachrichten.de\/index.php?rest_route=\/wp\/v2\/users\/1"}],"replies":[{"embeddable":true,"href":"https:\/\/www.fuldaernachrichten.de\/index.php?rest_route=%2Fwp%2Fv2%2Fcomments&post=164371"}],"version-history":[{"count":2,"href":"https:\/\/www.fuldaernachrichten.de\/index.php?rest_route=\/wp\/v2\/posts\/164371\/revisions"}],"predecessor-version":[{"id":164384,"href":"https:\/\/www.fuldaernachrichten.de\/index.php?rest_route=\/wp\/v2\/posts\/164371\/revisions\/164384"}],"wp:featuredmedia":[{"embeddable":true,"href":"https:\/\/www.fuldaernachrichten.de\/index.php?rest_route=\/wp\/v2\/media\/164382"}],"wp:attachment":[{"href":"https:\/\/www.fuldaernachrichten.de\/index.php?rest_route=%2Fwp%2Fv2%2Fmedia&parent=164371"}],"wp:term":[{"taxonomy":"category","embeddable":true,"href":"https:\/\/www.fuldaernachrichten.de\/index.php?rest_route=%2Fwp%2Fv2%2Fcategories&post=164371"},{"taxonomy":"post_tag","embeddable":true,"href":"https:\/\/www.fuldaernachrichten.de\/index.php?rest_route=%2Fwp%2Fv2%2Ftags&post=164371"}],"curies":[{"name":"wp","href":"https:\/\/api.w.org\/{rel}","templated":true}]}}