{"id":164370,"date":"2017-06-14T07:27:57","date_gmt":"2017-06-14T05:27:57","guid":{"rendered":"http:\/\/www.fuldaer-nachrichten.de\/?p=164370"},"modified":"2017-06-14T07:27:57","modified_gmt":"2017-06-14T05:27:57","slug":"sieg-bei-der-nordhessenrundfahrt-und-aufstieg-in-die-b-klasse-johannes-schaefer-triumphiert-am-wochenende","status":"publish","type":"post","link":"https:\/\/www.fuldaernachrichten.de\/?p=164370","title":{"rendered":"Sieg bei der Nordhessenrundfahrt und Aufstieg in die B-Klasse &#8211; Johannes Sch\u00e4fer triumphiert am Wochenende"},"content":{"rendered":"<p>\u201eDrei Tage ohne Panne\u201c -\u00c2\u00a0 so lautete das Motto der Nordhessenrundfahrt vom vergangenen Wochenende. Das nahm Johannes Sch\u00e4fer vom RSC Bimbach w\u00f6rtlich, schenkte seinen Gegnern nichts und holte sich den Gesamtsieg. Zudem sicherte er sich den Aufstieg in die zweith\u00f6chste Amateurklasse.<\/p>\n<p>Das hat es in der 40 j\u00e4hrigen Geschichte des RSC Bimbach noch nie gegeben: Ein Rennfahrer in der Amateur B-Klasse.<\/p>\n<p>Die Faust nach oben gereckt und ein Freudenschrei bei der Zieldurchfahrt. Johannes Sch\u00e4fer war hinter Andr\u00e9 Hildmann zwar \u201enur\u201c Zweiter beim Rundstreckenrennen in Immenhausen, doch er wusste, dass er mit dieser Leistung sein Ziel, den Aufstieg, geschafft hatte. F\u00fcnf Top-Ten Platzierungen w\u00e4hrend der Saison waren dazu n\u00f6tig. Drei Jahre Kampf, R\u00fcckschl\u00e4ge, Pannen und St\u00fcrze &#8211; doch Aufgeben war nie ein Thema. Das entscheidende Rennen war Teil der dreit\u00e4gigen Nordhessenrundfahrt bei Kassel. Am Freitag fand dabei zun\u00e4chst ein 9 Kilometer langes Bergrennen statt, das er auf dem siebten Rang beendete. Samstag folgte das \u00fcber 50 kurze Runden gehende Rundstreckenrennen und zum Abschluss am Sonntag ein Stra\u00dfenrennen auf einer 7 Kilometer-Runde. Hier holte sich Sch\u00e4fer mit dem dritten Rang erneut einen Podestplatz. In der Gesamtwertung reichten die Einzelplatzierungen f\u00fcr einen deutlichen Gesamtsieg.<\/p>\n<p>F\u00fcr Johannes Sch\u00e4fer, der als Mitglied des RSC Bimbach f\u00fcr das Team Triebwerk in der U23 Bundesliga f\u00e4hrt, ist es der erste gro\u00dfe Sieg in seiner kurzen Radsportkarriere. Von Anfang an war aber klar, dass er mehr will, als einfach nur mitfahren. Neben Talent bringt der 20 j\u00e4hrige eine Menge Ehrgeiz und Disziplin mit, die im Leistungssport unbedingt erforderlich sind. Neben der Arbeit &#8211; der Lauterbacher absolviert bei der Firma STI eine Ausbildung zum Mediengestalter &#8211; bleibt ihm neben dem Radsport nicht viel Zeit f\u00fcr Anderes. Bis zu 20 Stunden verbringt er pro Woche auf seinem Rad. Dabei kommt mit rund 20.000 Kilometern pro Jahr mehr Strecke zusammen, als bei vielen Autofahrern. <\/p>\n<p>Immerhin, sp\u00e4testens jetzt wei\u00df Johannes Sch\u00e4fer, dass sich die M\u00fche gelohnt hat. Doch er bleibt bei aller Euphorie mit beiden Beinen auf dem Boden: \u201eIn den kommenden Rennen weht ein anderer Wind. Da muss ich mir erstmal die H\u00f6rner absto\u00dfen und in gewisser Weise fange ich wieder ganz unten an.\u201c, so seine Prognose. Ob realistische Einsch\u00e4tzung oder Understatement wird sich zeigen. Eine geh\u00f6rige Portion Respekt ist sicherlich angebracht, denn immerhin muss sich Sch\u00e4fer in seinen k\u00fcnftigen Rennen auch mit dem ein oder anderen Profi messen.<\/p>\n","protected":false},"excerpt":{"rendered":"<div class=\"tmnf_excerpt\"><p>\u201eDrei Tage ohne Panne\u201c -\u00c2\u00a0 so lautete das Motto der Nordhessenrundfahrt vom vergangenen Wochenende. Das nahm Johannes Sch\u00e4fer vom RSC Bimbach w\u00f6rtlich, schenkte seinen Gegnern nichts und holte sich den Gesamtsieg. Zudem sicherte er sich den Aufstieg in die zweith\u00f6chste Amateurklasse. Das hat es in der 40 j\u00e4hrigen Geschichte des RSC Bimbach noch nie gegeben: &hellip;<\/p>\n<\/div>","protected":false},"author":1,"featured_media":164380,"comment_status":"closed","ping_status":"closed","sticky":false,"template":"","format":"gallery","meta":{"footnotes":""},"categories":[1],"tags":[],"class_list":["post-164370","post","type-post","status-publish","format-gallery","has-post-thumbnail","hentry","category-startseite","post_format-post-format-gallery"],"_links":{"self":[{"href":"https:\/\/www.fuldaernachrichten.de\/index.php?rest_route=\/wp\/v2\/posts\/164370","targetHints":{"allow":["GET"]}}],"collection":[{"href":"https:\/\/www.fuldaernachrichten.de\/index.php?rest_route=\/wp\/v2\/posts"}],"about":[{"href":"https:\/\/www.fuldaernachrichten.de\/index.php?rest_route=\/wp\/v2\/types\/post"}],"author":[{"embeddable":true,"href":"https:\/\/www.fuldaernachrichten.de\/index.php?rest_route=\/wp\/v2\/users\/1"}],"replies":[{"embeddable":true,"href":"https:\/\/www.fuldaernachrichten.de\/index.php?rest_route=%2Fwp%2Fv2%2Fcomments&post=164370"}],"version-history":[{"count":1,"href":"https:\/\/www.fuldaernachrichten.de\/index.php?rest_route=\/wp\/v2\/posts\/164370\/revisions"}],"predecessor-version":[{"id":164388,"href":"https:\/\/www.fuldaernachrichten.de\/index.php?rest_route=\/wp\/v2\/posts\/164370\/revisions\/164388"}],"wp:featuredmedia":[{"embeddable":true,"href":"https:\/\/www.fuldaernachrichten.de\/index.php?rest_route=\/wp\/v2\/media\/164380"}],"wp:attachment":[{"href":"https:\/\/www.fuldaernachrichten.de\/index.php?rest_route=%2Fwp%2Fv2%2Fmedia&parent=164370"}],"wp:term":[{"taxonomy":"category","embeddable":true,"href":"https:\/\/www.fuldaernachrichten.de\/index.php?rest_route=%2Fwp%2Fv2%2Fcategories&post=164370"},{"taxonomy":"post_tag","embeddable":true,"href":"https:\/\/www.fuldaernachrichten.de\/index.php?rest_route=%2Fwp%2Fv2%2Ftags&post=164370"}],"curies":[{"name":"wp","href":"https:\/\/api.w.org\/{rel}","templated":true}]}}