{"id":164369,"date":"2017-06-14T07:25:58","date_gmt":"2017-06-14T05:25:58","guid":{"rendered":"http:\/\/www.fuldaer-nachrichten.de\/?p=164369"},"modified":"2017-06-14T07:25:58","modified_gmt":"2017-06-14T05:25:58","slug":"luther-und-bach-modern","status":"publish","type":"post","link":"https:\/\/www.fuldaernachrichten.de\/?p=164369","title":{"rendered":"Luther und Bach modern"},"content":{"rendered":"<p>So modern und lebendig hat man Luther und Bach selten geh\u00f6rt: Mit der \u00dcbertragung von alter Musik in moderne Tonsprache gelingt es dem \u201eJazztrio Kordes-Tetzlaff-Godejohann\u201c, die musikalischen Errungenschaften der Reformation und des Barock neu zu kontextualisieren. Martin Luther begegnet der Leidenschaft Piazzollas und Johann Sebastian Bach entdeckt den Blues.<\/p>\n<p>Ab 18 Uhr gibt es am Dorfgemeinschaftshaus kulinarische Leckereien.<\/p>\n<p>Eintritt:\u00e2\u20ac\u00a8Abendkasse: 12\u00e2\u201a\u00ac \/ 9\u00e2\u201a\u00ac erm\u00e4\u00dfigt\u00e2\u20ac\u00a8Vorverkauf: 10\u00e2\u201a\u00ac \/ 8\u00e2\u201a\u00ac erm\u00e4\u00dfigt\u00e2\u20ac\u00a8Familienkarte (2 Erwachsene und Kinder): 20 \u00e2\u201a\u00ac<\/p>\n<p>Konzertpaten:<br \/>\nEDEKA Markt Wolf, Tann<\/p>\n","protected":false},"excerpt":{"rendered":"<div class=\"tmnf_excerpt\"><p>So modern und lebendig hat man Luther und Bach selten geh\u00f6rt: Mit der \u00dcbertragung von alter Musik in moderne Tonsprache gelingt es dem \u201eJazztrio Kordes-Tetzlaff-Godejohann\u201c, die musikalischen Errungenschaften der Reformation und des Barock neu zu kontextualisieren. Martin Luther begegnet der Leidenschaft Piazzollas und Johann Sebastian Bach entdeckt den Blues. Ab 18 Uhr gibt es am &hellip;<\/p>\n<\/div>","protected":false},"author":1,"featured_media":164375,"comment_status":"closed","ping_status":"closed","sticky":false,"template":"","format":"standard","meta":{"footnotes":""},"categories":[1],"tags":[],"class_list":["post-164369","post","type-post","status-publish","format-standard","has-post-thumbnail","hentry","category-startseite"],"_links":{"self":[{"href":"https:\/\/www.fuldaernachrichten.de\/index.php?rest_route=\/wp\/v2\/posts\/164369","targetHints":{"allow":["GET"]}}],"collection":[{"href":"https:\/\/www.fuldaernachrichten.de\/index.php?rest_route=\/wp\/v2\/posts"}],"about":[{"href":"https:\/\/www.fuldaernachrichten.de\/index.php?rest_route=\/wp\/v2\/types\/post"}],"author":[{"embeddable":true,"href":"https:\/\/www.fuldaernachrichten.de\/index.php?rest_route=\/wp\/v2\/users\/1"}],"replies":[{"embeddable":true,"href":"https:\/\/www.fuldaernachrichten.de\/index.php?rest_route=%2Fwp%2Fv2%2Fcomments&post=164369"}],"version-history":[{"count":1,"href":"https:\/\/www.fuldaernachrichten.de\/index.php?rest_route=\/wp\/v2\/posts\/164369\/revisions"}],"predecessor-version":[{"id":164377,"href":"https:\/\/www.fuldaernachrichten.de\/index.php?rest_route=\/wp\/v2\/posts\/164369\/revisions\/164377"}],"wp:featuredmedia":[{"embeddable":true,"href":"https:\/\/www.fuldaernachrichten.de\/index.php?rest_route=\/wp\/v2\/media\/164375"}],"wp:attachment":[{"href":"https:\/\/www.fuldaernachrichten.de\/index.php?rest_route=%2Fwp%2Fv2%2Fmedia&parent=164369"}],"wp:term":[{"taxonomy":"category","embeddable":true,"href":"https:\/\/www.fuldaernachrichten.de\/index.php?rest_route=%2Fwp%2Fv2%2Fcategories&post=164369"},{"taxonomy":"post_tag","embeddable":true,"href":"https:\/\/www.fuldaernachrichten.de\/index.php?rest_route=%2Fwp%2Fv2%2Ftags&post=164369"}],"curies":[{"name":"wp","href":"https:\/\/api.w.org\/{rel}","templated":true}]}}