{"id":164355,"date":"2017-06-13T08:06:31","date_gmt":"2017-06-13T06:06:31","guid":{"rendered":"http:\/\/www.fuldaer-nachrichten.de\/?p=164355"},"modified":"2017-06-13T08:06:31","modified_gmt":"2017-06-13T06:06:31","slug":"picknick-zum-hessischen-vaetertag-am-aueweiher-2","status":"publish","type":"post","link":"https:\/\/www.fuldaernachrichten.de\/?p=164355","title":{"rendered":"Picknick zum Hessischen V\u00e4tertag am Aueweiher"},"content":{"rendered":"<p>Die \u201eM\u00fctze\u201c schenkt V\u00e4tern und ihren Kindern gemeinsame Zeit: Die Vater-Kind-Gruppe des Fuldaer M\u00fctterzentrums organisiert ein Picknick im Rahmen des hessischen V\u00e4tertages. Es beginnt am Sonntag, 18. Juni 2017 um 14 Uhr am s\u00fcdlichen Aueweiher auf der Wiese gegen\u00fcber der Reitanlage. Die Hessenstiftung organisiert den V\u00e4tertag zum f\u00fcnften Mal, und die Vater-Kind-Gruppe der \u201eM\u00dcTZE\u201c ist zum dritten Mal mit einem Picknick dabei. Die Fuldaer Organisatoren rund um Knut Heiland laden V\u00e4ter und Kinder zu gemeinsamen Erlebnissen ein, die Gruppe m\u00f6chte zudem mit den Teilnehmern \u00fcber die Rolle des Vaters ins Gespr\u00e4ch kommen. Essen und Trinken f\u00fcr das Picknick sollten selbst mitgebracht werden. Bei schlechtem Wetter findet die Veranstaltung in der M\u00dcTZE, Gallasiniring 8 in Fulda statt.<\/p>\n","protected":false},"excerpt":{"rendered":"<div class=\"tmnf_excerpt\"><p>Die \u201eM\u00fctze\u201c schenkt V\u00e4tern und ihren Kindern gemeinsame Zeit: Die Vater-Kind-Gruppe des Fuldaer M\u00fctterzentrums organisiert ein Picknick im Rahmen des hessischen V\u00e4tertages. Es beginnt am Sonntag, 18. Juni 2017 um 14 Uhr am s\u00fcdlichen Aueweiher auf der Wiese gegen\u00fcber der Reitanlage. Die Hessenstiftung organisiert den V\u00e4tertag zum f\u00fcnften Mal, und die Vater-Kind-Gruppe der \u201eM\u00dcTZE\u201c ist &hellip;<\/p>\n<\/div>","protected":false},"author":1,"featured_media":0,"comment_status":"closed","ping_status":"closed","sticky":false,"template":"","format":"standard","meta":{"footnotes":""},"categories":[1],"tags":[],"class_list":["post-164355","post","type-post","status-publish","format-standard","hentry","category-startseite"],"_links":{"self":[{"href":"https:\/\/www.fuldaernachrichten.de\/index.php?rest_route=\/wp\/v2\/posts\/164355","targetHints":{"allow":["GET"]}}],"collection":[{"href":"https:\/\/www.fuldaernachrichten.de\/index.php?rest_route=\/wp\/v2\/posts"}],"about":[{"href":"https:\/\/www.fuldaernachrichten.de\/index.php?rest_route=\/wp\/v2\/types\/post"}],"author":[{"embeddable":true,"href":"https:\/\/www.fuldaernachrichten.de\/index.php?rest_route=\/wp\/v2\/users\/1"}],"replies":[{"embeddable":true,"href":"https:\/\/www.fuldaernachrichten.de\/index.php?rest_route=%2Fwp%2Fv2%2Fcomments&post=164355"}],"version-history":[{"count":1,"href":"https:\/\/www.fuldaernachrichten.de\/index.php?rest_route=\/wp\/v2\/posts\/164355\/revisions"}],"predecessor-version":[{"id":164361,"href":"https:\/\/www.fuldaernachrichten.de\/index.php?rest_route=\/wp\/v2\/posts\/164355\/revisions\/164361"}],"wp:attachment":[{"href":"https:\/\/www.fuldaernachrichten.de\/index.php?rest_route=%2Fwp%2Fv2%2Fmedia&parent=164355"}],"wp:term":[{"taxonomy":"category","embeddable":true,"href":"https:\/\/www.fuldaernachrichten.de\/index.php?rest_route=%2Fwp%2Fv2%2Fcategories&post=164355"},{"taxonomy":"post_tag","embeddable":true,"href":"https:\/\/www.fuldaernachrichten.de\/index.php?rest_route=%2Fwp%2Fv2%2Ftags&post=164355"}],"curies":[{"name":"wp","href":"https:\/\/api.w.org\/{rel}","templated":true}]}}