{"id":164351,"date":"2017-06-13T08:05:23","date_gmt":"2017-06-13T06:05:23","guid":{"rendered":"http:\/\/www.fuldaer-nachrichten.de\/?p=164351"},"modified":"2017-06-13T08:05:23","modified_gmt":"2017-06-13T06:05:23","slug":"rundfahrten-mit-stilvollen-und-eleganten-motor-kutschen%e2%80%a8","status":"publish","type":"post","link":"https:\/\/www.fuldaernachrichten.de\/?p=164351","title":{"rendered":"Rundfahrten mit stilvollen und eleganten Motor-Kutschen\u00e2\u20ac\u00a8"},"content":{"rendered":"<p>Ein neues Angebot in diesem Jahr, das Touristen wie Einheimischen Lust macht, die Innenstadt mit dem Barockviertel zu erkunden und dar\u00fcber hinaus die Region zu entdecken: \u00dcber das hessische F\u00f6rderprogramm \u201eAb in die Mitte\u201c werden Stadtrundfahrten in stilvollen Motor-Droschken angeboten, die einerseits zum historischen Ambiente passen, andererseits aber zeitgem\u00e4\u00df sind. Die ersten Testfahren und Proberunden finden vom 14. bis 16. Juni statt. Im Rahmen des Fuldaer Genussfestivals und des Kulturfestes der L\u00f6herstra\u00dfe k\u00f6nnen Rundfahrten \u00fcber die Tourist Information Fulda gebucht werden. \u00e2\u20ac\u00a8<\/p>\n<p>Die Stadt Fulda hat sich gemeinsam mit dem Arbeitskreis der VIA Regia sowie dem Citymarketing Fulda e.V. unter dem Motto \u201eEs muss Lust machen, Fulda zu erkunden!\u201c beim diesj\u00e4hrigen hessischen Landeswettbewerb \u201eAb in die Mitte\u201c erfolgreich beworben. Die verschiedenen Touren sollen durch das Barockviertel, die Altstadt oder zum Kloster Frauenberg, hinaus \u00fcber die Fulda-Auen entlang der VIA REGIA bis zur Propstei Johannesberg mit ihrem Barockgarten f\u00fchren. Zu bestimmten Anl\u00e4ssen k\u00f6nnte auch Schloss Fasanerie \u2013 die ehemalige Sommerresidenz der F\u00fcrstbisch\u00f6fe \u2013 angesteuert werden, das als sch\u00f6nstes Barockschloss Hessens gilt. \u201eRundfahrten f\u00fcr Touristen und alle interessierten Fuldaer werden im Rahmen des Fuldaer Genussfestivals vom 29. Juni bis 01. Juli sowie im Rahmen des Kulturfestes der L\u00f6herstra\u00dfe vom 01. bis 03. September angeboten. Tickets f\u00fcr die verschiedenen Routen k\u00f6nnen ab dem 20. Juni bei der Tourist Information Fulda erworben werden\u201c, so H\u00f6hl. <\/p>\n<p>AAGLANDER sind edle Automobile in Form einer Kutsche \u2013 wie zu Zeiten der ersten Automobile, die Carl Benz Ende des vorletzten Jahrhunderts nach dem Vorbild der Droschken entwickelte. Die Fahrzeuge werden im fr\u00e4nkischen Bronn bei K\u00fchlenfels in einer kleinen Manufaktur gefertigt. Die mit viel Liebe zum Detail hergestellten AAGLANDER werden nicht mit einem Lenkrad gesteuert, sondern mit \u201estarren Leinen\u201c gef\u00fchrt.<\/p>\n<p>Bei den Touren erf\u00e4hrt der Reisende nicht nur etwas \u00fcber die Geschichte des Fuldaer Landes, sondern die Region soll ihm auch kulinarisch schmackhaft gemacht. Aus verschiedenen leckeren Spezialit\u00e4ten handwerklicher, regionaler Produkte kann jeder Reisende sein individuelles Proviantpaket zusammenstellen. \u201eDies alles wird in den sprichw\u00f6rtlich gewordenen \u201eFuldaer Rucksack\u201c gepackt, der weit \u00fcber die Stadtgrenzen hinaus Bekanntheit erlangt hat\u201c, erg\u00e4nzt H\u00f6hl.  <\/p>\n","protected":false},"excerpt":{"rendered":"<div class=\"tmnf_excerpt\"><p>Ein neues Angebot in diesem Jahr, das Touristen wie Einheimischen Lust macht, die Innenstadt mit dem Barockviertel zu erkunden und dar\u00fcber hinaus die Region zu entdecken: \u00dcber das hessische F\u00f6rderprogramm \u201eAb in die Mitte\u201c werden Stadtrundfahrten in stilvollen Motor-Droschken angeboten, die einerseits zum historischen Ambiente passen, andererseits aber zeitgem\u00e4\u00df sind. Die ersten Testfahren und Proberunden &hellip;<\/p>\n<\/div>","protected":false},"author":1,"featured_media":164353,"comment_status":"closed","ping_status":"closed","sticky":false,"template":"","format":"standard","meta":{"footnotes":""},"categories":[1],"tags":[],"class_list":["post-164351","post","type-post","status-publish","format-standard","has-post-thumbnail","hentry","category-startseite"],"_links":{"self":[{"href":"https:\/\/www.fuldaernachrichten.de\/index.php?rest_route=\/wp\/v2\/posts\/164351","targetHints":{"allow":["GET"]}}],"collection":[{"href":"https:\/\/www.fuldaernachrichten.de\/index.php?rest_route=\/wp\/v2\/posts"}],"about":[{"href":"https:\/\/www.fuldaernachrichten.de\/index.php?rest_route=\/wp\/v2\/types\/post"}],"author":[{"embeddable":true,"href":"https:\/\/www.fuldaernachrichten.de\/index.php?rest_route=\/wp\/v2\/users\/1"}],"replies":[{"embeddable":true,"href":"https:\/\/www.fuldaernachrichten.de\/index.php?rest_route=%2Fwp%2Fv2%2Fcomments&post=164351"}],"version-history":[{"count":1,"href":"https:\/\/www.fuldaernachrichten.de\/index.php?rest_route=\/wp\/v2\/posts\/164351\/revisions"}],"predecessor-version":[{"id":164354,"href":"https:\/\/www.fuldaernachrichten.de\/index.php?rest_route=\/wp\/v2\/posts\/164351\/revisions\/164354"}],"wp:featuredmedia":[{"embeddable":true,"href":"https:\/\/www.fuldaernachrichten.de\/index.php?rest_route=\/wp\/v2\/media\/164353"}],"wp:attachment":[{"href":"https:\/\/www.fuldaernachrichten.de\/index.php?rest_route=%2Fwp%2Fv2%2Fmedia&parent=164351"}],"wp:term":[{"taxonomy":"category","embeddable":true,"href":"https:\/\/www.fuldaernachrichten.de\/index.php?rest_route=%2Fwp%2Fv2%2Fcategories&post=164351"},{"taxonomy":"post_tag","embeddable":true,"href":"https:\/\/www.fuldaernachrichten.de\/index.php?rest_route=%2Fwp%2Fv2%2Ftags&post=164351"}],"curies":[{"name":"wp","href":"https:\/\/api.w.org\/{rel}","templated":true}]}}