{"id":164338,"date":"2017-06-13T08:05:43","date_gmt":"2017-06-13T06:05:43","guid":{"rendered":"http:\/\/www.fuldaer-nachrichten.de\/?p=164338"},"modified":"2017-06-13T08:05:56","modified_gmt":"2017-06-13T06:05:56","slug":"die-mittagspause-mit-musik-literatur-und-kulinarische-koestlichkeiten-erleben-%e2%80%a8","status":"publish","type":"post","link":"https:\/\/www.fuldaernachrichten.de\/?p=164338","title":{"rendered":"Die Mittagspause mit Musik, Literatur und kulinarische K\u00f6stlichkeiten erleben.\u00e2\u20ac\u00a8"},"content":{"rendered":"<p>Mit der Veranstaltungsreihe \u201ePausen, H\u00f6fe und Gen\u00fcsse\u201c l\u00e4dt die Stadt Fulda in den Sommermonaten Besucher und Einheimische zur Mittagszeit in die gem\u00fctlichen Hinterh\u00f6fe und versteckten Anwesen der historischen Innenstadt. An ausgew\u00e4hlten Terminen jeweils zwischen 12.00 und 14.00 Uhr und zu unterschiedlichen Themenschwerpunkten wie Musik, Literatur, Kunst oder Kulinarik lassen sich so in einer Pause vom Stadtbummel oder dem Arbeitstag versteckte Schmuckst\u00fccke der Stadt entspannt entdecken. Der Eintritt zu den Veranstaltungen ist frei.\u00e2\u20ac\u00a8\u00e2\u20ac\u00a8\u201eNach der erfolgreichen Premiere im letzten Sommer freuen wir uns wieder schmuckhafte Anwesen w\u00e4hrend der Mittagspause zu pr\u00e4senten\u201c, verr\u00e4t Dominik H\u00f6hl, Citymanager vom Amt f\u00fcr Stadtmarketing. \u201eNeu sind im diesen Jahr der Klostergarten der Abtei zur Hl. Maria in der Nonnengasse sowie der Rittergarten vom Hotel zum Ritter\u201c, so H\u00f6hl. Insgesamt sind sechs Termine geplant: \u00e2\u20ac\u00a8\u00e2\u20ac\u00a8Dienstag, 20. Juni 2017 im Antonius LadenCaf\u00e9 (Severiberg 1)\u00e2\u20ac\u00a8\u201eFeuer &amp; Flamme: Lauschen und Genie\u00dfen im Hinterhof\u201c\u00e2\u20ac\u00a8Bei einem leckeren Mittagssnack aus dem Feuerofen in Antonius Bio-Qualit\u00e4t unterh\u00e4lt Klaus H. Orth mit passenden Geschichten und Gedichten und macht sich seine Gedanken zu einem hei\u00dfen Thema.<\/p>\n<p>Dienstag, 04. Juli in der Kunstschmiede Bernhard (Schlachthausgasse 11)\u00e2\u20ac\u00a8\u201eZaubergarten: Heimatliche Gl\u00fccksmomente\u201c\u00e2\u20ac\u00a8Das versteckte und charmante Anwesen dient zugleich als Freiraum, R\u00fcckzugsort und Pr\u00e4sentationsfl\u00e4che f\u00fcr Ausstellungsst\u00fccke der Schmiede und der dazugeh\u00f6rigen Galerie \u00c2\u00bbKunst im Kutscherhaus\u00c2\u00ab. Die stilvolle Kombination von Gartenkunst und Kunsthandwerk entwickelt so eine besondere Faszination und l\u00e4dt zum Entspannen ein. Diesen Gl\u00fccksmoment kann jeder bei einem von stilvollen akustischen Kl\u00e4ngen begleiteten Mittagsimbiss der Caf\u00e9-Bar \u00c2\u00bbheimat.\u00c2\u00ab genie\u00dfen. Als Dankesch\u00f6n und kleine Erinnerung gibt es f\u00fcr jeden Gast ein kleines Hufeisen.<\/p>\n<p>Dienstag, 18. Juli in der R\u00f6sterei Kaffeekultur (L\u00f6herstra\u00dfe 22)\u00e2\u20ac\u00a8\u201eGaumenschmeichler: Entspannte Kl\u00e4nge und Kaffeekulturen\u201c\u00e2\u20ac\u00a8\u00c2\u00bbmarleen recordstore\u00c2\u00ab und die \u00c2\u00bbR\u00f6sterei .kaffeekultur\u00c2\u00ab verw\u00f6hnen im Hinterhof der L\u00f6herstra\u00dfe in der Mittagspause mit entspannenden Kl\u00e4ngen und kaffeekulturellen Gaumenschmeichlern alle unsere Sinne.<\/p>\n<p>Dienstag, 01. August in der Abtei zur Hl. Maria (Nonnengasse 16)\u00e2\u20ac\u00a8\u201eKlostergarten: Kr\u00e4uterfachwissen und Klostergeheimnisse\u201c\u00e2\u20ac\u00a8\u201eNirgendwo ist man dem Herzen Gottes so nahe wie in einem Garten\u201c. Unter diesem Motto laden die Benediktinerinnen zu Begegnung, Gespr\u00e4ch und Stille in ihren Garten ein. Allerlei Kr\u00e4uterfachwissen und Klostergeheimnisse sowie ein kleiner kulinarischer Mittagssnack warten auf Sie.<\/p>\n<p>Dienstag, 15. August im Hotel zum Ritter (Kanalstra\u00dfe 18).\u00e2\u20ac\u00a8\u201eRittergarten: Kulinarik, Musik und runde Kugeln\u201c\u00e2\u20ac\u00a8Vinum und Ritter laden zu leckerem Essen, gutem Wein und sch\u00f6ner Musik in den atmosph\u00e4rischen Rittergarten ein. Mit viel Schwung und guter Laune sorgen SUNNY VIBES, Pia Maria Sauer und Wolfgang Harling f\u00fcr sonnige Stimmung.<\/p>\n<p>Weitere Informationen beim Tourismus und Kongressmanagement Fulda unter \u00e2\u20ac\u00a8Tel.: +49 (0)661 102 1814, tourismus@fulda.de und www.tourismus-fulda.de.<\/p>\n","protected":false},"excerpt":{"rendered":"<div class=\"tmnf_excerpt\"><p>Mit der Veranstaltungsreihe \u201ePausen, H\u00f6fe und Gen\u00fcsse\u201c l\u00e4dt die Stadt Fulda in den Sommermonaten Besucher und Einheimische zur Mittagszeit in die gem\u00fctlichen Hinterh\u00f6fe und versteckten Anwesen der historischen Innenstadt. An ausgew\u00e4hlten Terminen jeweils zwischen 12.00 und 14.00 Uhr und zu unterschiedlichen Themenschwerpunkten wie Musik, Literatur, Kunst oder Kulinarik lassen sich so in einer Pause vom &hellip;<\/p>\n<\/div>","protected":false},"author":1,"featured_media":0,"comment_status":"closed","ping_status":"closed","sticky":false,"template":"","format":"standard","meta":{"footnotes":""},"categories":[1],"tags":[],"class_list":["post-164338","post","type-post","status-publish","format-standard","hentry","category-startseite"],"_links":{"self":[{"href":"https:\/\/www.fuldaernachrichten.de\/index.php?rest_route=\/wp\/v2\/posts\/164338","targetHints":{"allow":["GET"]}}],"collection":[{"href":"https:\/\/www.fuldaernachrichten.de\/index.php?rest_route=\/wp\/v2\/posts"}],"about":[{"href":"https:\/\/www.fuldaernachrichten.de\/index.php?rest_route=\/wp\/v2\/types\/post"}],"author":[{"embeddable":true,"href":"https:\/\/www.fuldaernachrichten.de\/index.php?rest_route=\/wp\/v2\/users\/1"}],"replies":[{"embeddable":true,"href":"https:\/\/www.fuldaernachrichten.de\/index.php?rest_route=%2Fwp%2Fv2%2Fcomments&post=164338"}],"version-history":[{"count":1,"href":"https:\/\/www.fuldaernachrichten.de\/index.php?rest_route=\/wp\/v2\/posts\/164338\/revisions"}],"predecessor-version":[{"id":164357,"href":"https:\/\/www.fuldaernachrichten.de\/index.php?rest_route=\/wp\/v2\/posts\/164338\/revisions\/164357"}],"wp:attachment":[{"href":"https:\/\/www.fuldaernachrichten.de\/index.php?rest_route=%2Fwp%2Fv2%2Fmedia&parent=164338"}],"wp:term":[{"taxonomy":"category","embeddable":true,"href":"https:\/\/www.fuldaernachrichten.de\/index.php?rest_route=%2Fwp%2Fv2%2Fcategories&post=164338"},{"taxonomy":"post_tag","embeddable":true,"href":"https:\/\/www.fuldaernachrichten.de\/index.php?rest_route=%2Fwp%2Fv2%2Ftags&post=164338"}],"curies":[{"name":"wp","href":"https:\/\/api.w.org\/{rel}","templated":true}]}}