{"id":164334,"date":"2017-06-13T08:04:01","date_gmt":"2017-06-13T06:04:01","guid":{"rendered":"http:\/\/www.fuldaer-nachrichten.de\/?p=164334"},"modified":"2017-06-13T08:04:01","modified_gmt":"2017-06-13T06:04:01","slug":"malteser-dioezesanversammlung-mit-ehrungen-und-familienfest","status":"publish","type":"post","link":"https:\/\/www.fuldaernachrichten.de\/?p=164334","title":{"rendered":"Malteser-Di\u00f6zesanversammlung mit Ehrungen und Familienfest"},"content":{"rendered":"<p>Erfolgreiche zwei Jahre liegen hinter den Maltesern in der Di\u00f6zese Fulda. 38 Delegierte aus der Region wurden in der Di\u00f6zesanversammlung auf Burg Brandenstein von Gesch\u00e4ftsf\u00fchrer Thomas Peffermann und Di\u00f6zesanleiter Dr. Constantin von Brandenstein-Zeppelin \u00fcber die Arbeit in den zur\u00fcckliegenden Jahren informiert. Die Malteser wollen sich fit f\u00fcr die Zukunft machen. Dazu geh\u00f6ren auch der Umbau und Erweiterung\u00c2\u00a0 der Rettungswache Petersberg zu einem Notfallzentrum sowie der Bezug von neuen R\u00e4umlichkeiten in der ehemaligen Kerzenfabrik EIKA in Fulda.\u00c2\u00a0 Dort werden die Fl\u00fcchtlingshilfe, die Demenzdienste mit Caf\u00e9 Malta, das Hospizzentrum sowie die Verwaltung der Malteser zuk\u00fcnftig unter einem Dach vereint.<\/p>\n<p>F\u00fcr den Di\u00f6zesanvorstand stand die Neuwahl von zwei Helfervertretern an. Einstimmig wurden Rita Hauke (Morles) und Gaby Benkner (Veitsteinbach) f\u00fcr vier Jahre in den Vorstand gew\u00e4hlt.<br \/>\nDi\u00f6zesanleiter Dr. von Brandenstein-Zeppelin zeichnete Verena Sch\u00f6ppner (Gruppenleiterin Besuchs- und Begleitungsdienste), Doris Reinhardt (Organisatorin soziales Ehrenamt) und Sebastian Leitsch (Ortsbeauftragter Steinhaus) f\u00fcr ihr langj\u00e4hriges Engagement mit der bronzenen Verdienstmedaille der Malteser aus.<\/p>\n<p>Der Versammlung schlossen sich ein Gottesdienst im Burghof, Ehrungen und ein fr\u00f6hliches Familienfest an, das rund 300 Malteser auf dem Burggel\u00e4nde zusammenf\u00fchrte.<\/p>\n<p>Die Heilige Messe zelebrierte Schulpfarrer Sebastian Bieber aus Fulda.<\/p>\n<p>Zum Mittagessen luden die\u00c2\u00a0 Ortsgruppe Steinhaus und Fl\u00fcchtlinge aus Syrien, Somalia und Afghanistan ein. Der Musikverein Weyhers, eine syrische Musikgruppe, ein Dudelsackspieler\u00c2\u00a0 und ein Damen-Duo sorgten f\u00fcr heitere T\u00f6ne am Nachmittag. Die Schulsanit\u00e4ter, Jugendvertreter und Junior-Demenzbegleiterinnen unterhielten die Kinder mit Spielen, Basteleien und einer Burgrallye.\u00c2\u00a0 Am sp\u00e4ten Nachmittag klang das gelungene Fest bei strahlendem Sonnenschein aus.<\/p>\n","protected":false},"excerpt":{"rendered":"<div class=\"tmnf_excerpt\"><p>Erfolgreiche zwei Jahre liegen hinter den Maltesern in der Di\u00f6zese Fulda. 38 Delegierte aus der Region wurden in der Di\u00f6zesanversammlung auf Burg Brandenstein von Gesch\u00e4ftsf\u00fchrer Thomas Peffermann und Di\u00f6zesanleiter Dr. Constantin von Brandenstein-Zeppelin \u00fcber die Arbeit in den zur\u00fcckliegenden Jahren informiert. Die Malteser wollen sich fit f\u00fcr die Zukunft machen. Dazu geh\u00f6ren auch der Umbau &hellip;<\/p>\n<\/div>","protected":false},"author":1,"featured_media":164346,"comment_status":"closed","ping_status":"closed","sticky":false,"template":"","format":"standard","meta":{"footnotes":""},"categories":[1],"tags":[],"class_list":["post-164334","post","type-post","status-publish","format-standard","has-post-thumbnail","hentry","category-startseite"],"_links":{"self":[{"href":"https:\/\/www.fuldaernachrichten.de\/index.php?rest_route=\/wp\/v2\/posts\/164334","targetHints":{"allow":["GET"]}}],"collection":[{"href":"https:\/\/www.fuldaernachrichten.de\/index.php?rest_route=\/wp\/v2\/posts"}],"about":[{"href":"https:\/\/www.fuldaernachrichten.de\/index.php?rest_route=\/wp\/v2\/types\/post"}],"author":[{"embeddable":true,"href":"https:\/\/www.fuldaernachrichten.de\/index.php?rest_route=\/wp\/v2\/users\/1"}],"replies":[{"embeddable":true,"href":"https:\/\/www.fuldaernachrichten.de\/index.php?rest_route=%2Fwp%2Fv2%2Fcomments&post=164334"}],"version-history":[{"count":1,"href":"https:\/\/www.fuldaernachrichten.de\/index.php?rest_route=\/wp\/v2\/posts\/164334\/revisions"}],"predecessor-version":[{"id":164348,"href":"https:\/\/www.fuldaernachrichten.de\/index.php?rest_route=\/wp\/v2\/posts\/164334\/revisions\/164348"}],"wp:featuredmedia":[{"embeddable":true,"href":"https:\/\/www.fuldaernachrichten.de\/index.php?rest_route=\/wp\/v2\/media\/164346"}],"wp:attachment":[{"href":"https:\/\/www.fuldaernachrichten.de\/index.php?rest_route=%2Fwp%2Fv2%2Fmedia&parent=164334"}],"wp:term":[{"taxonomy":"category","embeddable":true,"href":"https:\/\/www.fuldaernachrichten.de\/index.php?rest_route=%2Fwp%2Fv2%2Fcategories&post=164334"},{"taxonomy":"post_tag","embeddable":true,"href":"https:\/\/www.fuldaernachrichten.de\/index.php?rest_route=%2Fwp%2Fv2%2Ftags&post=164334"}],"curies":[{"name":"wp","href":"https:\/\/api.w.org\/{rel}","templated":true}]}}