{"id":164333,"date":"2017-06-13T08:04:55","date_gmt":"2017-06-13T06:04:55","guid":{"rendered":"http:\/\/www.fuldaer-nachrichten.de\/?p=164333"},"modified":"2017-06-13T08:04:55","modified_gmt":"2017-06-13T06:04:55","slug":"dav-sektion-fulda-feierte-sommerfest-mit-tag-der-offenen-tuer","status":"publish","type":"post","link":"https:\/\/www.fuldaernachrichten.de\/?p=164333","title":{"rendered":"DAV Sektion Fulda feierte Sommerfest mit Tag der offenen T\u00fcr"},"content":{"rendered":"<p>Die DAV Sektion Fulda hat am Sonntag ihr Sommerfest mit einem Tag der offenen T\u00fcr im Kletterzentrum Fulda gefeiert. Neben Informationen rund um die Angebote der Sektion freuten sich mehrere hundert Besucher auch \u00fcber ein vielf\u00e4ltiges Rahmenprogramm.<\/p>\n<p>Um 10 Uhr startete das bunte Programm rund um das Kletterzentrum. Wer so fr\u00fch schon seine grauen Zellen trainieren wollte, konnte sich auf eine Vereinsrallye rund um die Angebote des Alpenvereins in Fulda begeben. Stationen zum Thema Jugend, Mountainbike, Klettern, Bouldern, Wandern, Ausleihe und Bibliothek gaben Einblicke in die Vielseitigkeit des Vereins. Wer am Ende alle Stationen besucht hatte, konnte auch bei einer Tombola mit attraktiven Preisen teilnehmen.<\/p>\n<p>Ebenfalls am Vormittag wartete eine Erstbesteigung auf die Besucher: Letizia M\u00fcller aus Schwarzenfels war n\u00e4mlich die Erste, die auf der neuen Schlaufuchs-Kinderkletterroute rund sieben Meter in die H\u00f6he klettern durfte. Daf\u00fcr gab es dann gro\u00dfen Applaus vom Publikum f\u00fcr Letizia, die bei der Erstbesteigung auch zum ersten Mal selbst geklettert ist.<\/p>\n<p>Die Mittagzeit nutzten die Besucher, um sich mit Leckereien der DAV Mitglieder aus der eigenen Backstube, dem \u00f6sterreichischen Pitztal und vom Grill zu st\u00e4rken, bevor es ab 15 Uhr beim gro\u00dfen Showprogramm noch einmal spannend wurde: die Leistungsgruppe zeigte ihre Kletterkunst an der 14 m hohen Hauptwand und dem ein oder anderen Besucher stockte dabei der Atem. Danach verbl\u00fcffte Zauberk\u00fcnstler Stephan von K\u00f6ller die Besucher mit seinen Illusionen.<\/p>\n<p>Im Innen- und Au\u00dfenbereich hatten die Besucher zus\u00e4tzlich den ganzen \u00fcber Gelegenheit, ihre eigene Geschicklichkeit an den \u00fcber 100 Routen der Kletterw\u00e4nde und im Boulderbereich zu testen. Und wer noch auf der Suche nach dem passenden Ausr\u00fcstungsteil f\u00fcr seine n\u00e4chste Tour war, konnte beim Bergsteigerflohmarkt der Jugend f\u00fcndig werden, von dessen Erl\u00f6s die Jugendgruppe 10% an die Nepalhilfe spendet. Auf dem Gel\u00e4nde des Kletterzentrums pr\u00e4sentierten sich au\u00dferdem die Bergwacht Wasserkuppe sowie die Firmen auf und davon und doorout mit aktuellen Bergsportrends.<\/p>\n","protected":false},"excerpt":{"rendered":"<div class=\"tmnf_excerpt\"><p>Die DAV Sektion Fulda hat am Sonntag ihr Sommerfest mit einem Tag der offenen T\u00fcr im Kletterzentrum Fulda gefeiert. Neben Informationen rund um die Angebote der Sektion freuten sich mehrere hundert Besucher auch \u00fcber ein vielf\u00e4ltiges Rahmenprogramm. Um 10 Uhr startete das bunte Programm rund um das Kletterzentrum. Wer so fr\u00fch schon seine grauen Zellen &hellip;<\/p>\n<\/div>","protected":false},"author":1,"featured_media":164340,"comment_status":"closed","ping_status":"closed","sticky":false,"template":"","format":"gallery","meta":{"footnotes":""},"categories":[1],"tags":[],"class_list":["post-164333","post","type-post","status-publish","format-gallery","has-post-thumbnail","hentry","category-startseite","post_format-post-format-gallery"],"_links":{"self":[{"href":"https:\/\/www.fuldaernachrichten.de\/index.php?rest_route=\/wp\/v2\/posts\/164333","targetHints":{"allow":["GET"]}}],"collection":[{"href":"https:\/\/www.fuldaernachrichten.de\/index.php?rest_route=\/wp\/v2\/posts"}],"about":[{"href":"https:\/\/www.fuldaernachrichten.de\/index.php?rest_route=\/wp\/v2\/types\/post"}],"author":[{"embeddable":true,"href":"https:\/\/www.fuldaernachrichten.de\/index.php?rest_route=\/wp\/v2\/users\/1"}],"replies":[{"embeddable":true,"href":"https:\/\/www.fuldaernachrichten.de\/index.php?rest_route=%2Fwp%2Fv2%2Fcomments&post=164333"}],"version-history":[{"count":1,"href":"https:\/\/www.fuldaernachrichten.de\/index.php?rest_route=\/wp\/v2\/posts\/164333\/revisions"}],"predecessor-version":[{"id":164352,"href":"https:\/\/www.fuldaernachrichten.de\/index.php?rest_route=\/wp\/v2\/posts\/164333\/revisions\/164352"}],"wp:featuredmedia":[{"embeddable":true,"href":"https:\/\/www.fuldaernachrichten.de\/index.php?rest_route=\/wp\/v2\/media\/164340"}],"wp:attachment":[{"href":"https:\/\/www.fuldaernachrichten.de\/index.php?rest_route=%2Fwp%2Fv2%2Fmedia&parent=164333"}],"wp:term":[{"taxonomy":"category","embeddable":true,"href":"https:\/\/www.fuldaernachrichten.de\/index.php?rest_route=%2Fwp%2Fv2%2Fcategories&post=164333"},{"taxonomy":"post_tag","embeddable":true,"href":"https:\/\/www.fuldaernachrichten.de\/index.php?rest_route=%2Fwp%2Fv2%2Ftags&post=164333"}],"curies":[{"name":"wp","href":"https:\/\/api.w.org\/{rel}","templated":true}]}}