{"id":164326,"date":"2017-06-13T08:02:16","date_gmt":"2017-06-13T06:02:16","guid":{"rendered":"http:\/\/www.fuldaer-nachrichten.de\/?p=164326"},"modified":"2017-06-13T08:02:16","modified_gmt":"2017-06-13T06:02:16","slug":"faszientraining-in-der-muetze","status":"publish","type":"post","link":"https:\/\/www.fuldaernachrichten.de\/?p=164326","title":{"rendered":"Faszientraining in der M\u00fctze"},"content":{"rendered":"<p>Im M\u00fctterzentrum e. V., Fulda \u201eDie M\u00dcTZE\u201c findet am Sonntag, 25.06.17 in der Zeit von 14.30 \u2013 17.30 Uhr der Workshop \u201eFaszientraining\u201c statt. Verschiedene \u00dcbungen zum L\u00f6sen der Faszien mit der Black Roll und Faszienb\u00e4llen f\u00fcr zu Hause werden gezeigt. Die Faszien \u2013 unser Bindegewebe- r\u00fccken immer mehr ins Rampenlicht aktueller sportmedizinischer Forschungen und internationaler Aufmerksamkeit. Die Wirkung des Faszientrainings auf einen Blick: Leistungssteigerung, Verletzungspropylaxe, Verk\u00fcrzung der Regeneration nach dem Sport, Verbesserung der Bewegungsabl\u00e4ufe, Verbesserung der Kraft\u00fcbertragung auf den Muskel, Schmerzprophylaxe oder Schmerzreduktion. Bei k\u00f6rperlichen Einschr\u00e4nkungen bitte vor Anmeldung zu o. g. Kurs einen Arzt um Erlaubnis fragen. Eine Anmeldung ist erforderlich.<\/p>\n<p>N\u00e4here Informationen und Anmeldung unter Tel. 0661\/8050, Mo. \u2013 Fr. in der Zeit von 9.00 \u2013 13.00 Uhr.<\/p>\n","protected":false},"excerpt":{"rendered":"<div class=\"tmnf_excerpt\"><p>Im M\u00fctterzentrum e. V., Fulda \u201eDie M\u00dcTZE\u201c findet am Sonntag, 25.06.17 in der Zeit von 14.30 \u2013 17.30 Uhr der Workshop \u201eFaszientraining\u201c statt. Verschiedene \u00dcbungen zum L\u00f6sen der Faszien mit der Black Roll und Faszienb\u00e4llen f\u00fcr zu Hause werden gezeigt. Die Faszien \u2013 unser Bindegewebe- r\u00fccken immer mehr ins Rampenlicht aktueller sportmedizinischer Forschungen und internationaler &hellip;<\/p>\n<\/div>","protected":false},"author":1,"featured_media":0,"comment_status":"closed","ping_status":"closed","sticky":false,"template":"","format":"standard","meta":{"footnotes":""},"categories":[1],"tags":[],"class_list":["post-164326","post","type-post","status-publish","format-standard","hentry","category-startseite"],"_links":{"self":[{"href":"https:\/\/www.fuldaernachrichten.de\/index.php?rest_route=\/wp\/v2\/posts\/164326","targetHints":{"allow":["GET"]}}],"collection":[{"href":"https:\/\/www.fuldaernachrichten.de\/index.php?rest_route=\/wp\/v2\/posts"}],"about":[{"href":"https:\/\/www.fuldaernachrichten.de\/index.php?rest_route=\/wp\/v2\/types\/post"}],"author":[{"embeddable":true,"href":"https:\/\/www.fuldaernachrichten.de\/index.php?rest_route=\/wp\/v2\/users\/1"}],"replies":[{"embeddable":true,"href":"https:\/\/www.fuldaernachrichten.de\/index.php?rest_route=%2Fwp%2Fv2%2Fcomments&post=164326"}],"version-history":[{"count":1,"href":"https:\/\/www.fuldaernachrichten.de\/index.php?rest_route=\/wp\/v2\/posts\/164326\/revisions"}],"predecessor-version":[{"id":164335,"href":"https:\/\/www.fuldaernachrichten.de\/index.php?rest_route=\/wp\/v2\/posts\/164326\/revisions\/164335"}],"wp:attachment":[{"href":"https:\/\/www.fuldaernachrichten.de\/index.php?rest_route=%2Fwp%2Fv2%2Fmedia&parent=164326"}],"wp:term":[{"taxonomy":"category","embeddable":true,"href":"https:\/\/www.fuldaernachrichten.de\/index.php?rest_route=%2Fwp%2Fv2%2Fcategories&post=164326"},{"taxonomy":"post_tag","embeddable":true,"href":"https:\/\/www.fuldaernachrichten.de\/index.php?rest_route=%2Fwp%2Fv2%2Ftags&post=164326"}],"curies":[{"name":"wp","href":"https:\/\/api.w.org\/{rel}","templated":true}]}}