{"id":164324,"date":"2017-06-13T08:01:09","date_gmt":"2017-06-13T06:01:09","guid":{"rendered":"http:\/\/www.fuldaer-nachrichten.de\/?p=164324"},"modified":"2017-06-13T08:01:09","modified_gmt":"2017-06-13T06:01:09","slug":"mdb-michal-brand-bund-foerdert-7-weitere-sprach-kitas-in-fulda-weit-ueber-1-millionen-euro-fuer-sprachfoerderung-in-der-region","status":"publish","type":"post","link":"https:\/\/www.fuldaernachrichten.de\/?p=164324","title":{"rendered":"MdB Michal Brand: Bund f\u00f6rdert 7 weitere Sprach-Kitas in Fulda \u2013 Weit \u00fcber 1 Millionen EURO f\u00fcr Sprachf\u00f6rderung in der Region"},"content":{"rendered":"<p>Der Bund f\u00f6rdert sieben weitere Kitas in Fulda mit \u00fcber 500.000 EURO zus\u00e4tzlich, das teilte der Fuldaer Wahlkreisabgeordnete Michael Brand mit. Damit steigt die Unterst\u00fctzung des Bundes f\u00fcr Sprachf\u00f6rderung in Fulda auf ingesamt weit \u00fcber 1 Millionen EURO. \u201eDas ist gut investiertes Geld, den Sprache ist der Schl\u00fcssel f\u00fcr gute Bildung\u201c, so der Abgeordnete, der sich f\u00fcr die F\u00f6rderung bei der Bundesregierung eingesetzt hatte. \u201eIch freue mich sehr, dass das geklappt hat. Es gibt keine bessere Unterst\u00fctzung, als Kinder von Beginn an und bedarfsgerecht zu f\u00f6rdern.\u201c<\/p>\n<p>&nbsp;<\/p>\n<p>Neben den seit mehreren Jahren gef\u00f6rderten 6 Kitas profitieren jetzt neu die Kindertagesst\u00e4tten \u201eSonnenblume Horas\u201c, \u201eEntdeckerinsel\u201c in der Carl-Schurz-Stra\u00dfe, \u201eDie Hobbits\u201c in der Dingelstedterstra\u00dfe, \u201eMiteinander\u201c in der Kohlh\u00e4userstra\u00dfe, \u201eNiesig\u201c in der Niesiger Stra\u00dfe, \u201eSickels Pippi Langstrumpf\u201c und \u201eSonnenschein Aschenberg\u201c. Diese erhalten von 2017 bis 2020 je 25 000 Euro j\u00e4hrlich vom Bund (f\u00fcr 2017 anteilig, je nach Zeitpunkt der Stellenbesetzung). Von 2016 bis 2020 erhalten also inzwischen 13 Fuldaer Kitas je bis zu 100.000 Euro. Da das Antragsverfahren noch nicht abgeschlossen ist, k\u00f6nnten sogar noch weitere KITAS dazukommmen.<\/p>\n<p>&nbsp;<\/p>\n<p>\u00dcber das Bundesprogramm wird in den Einrichtungen jeweils eine halbe Stelle f\u00fcr eine zus\u00e4tzliche Fachkraft gef\u00f6rdert, die das Kita-Team darin unterst\u00fctzt, die Handlungskompetenzen in Bezug auf die Programmthemen fortlaufend weiterzuentwickeln. Ziel ist neben der Weiterentwicklung der alltagsintegrierten sprachlichen Bildung die F\u00f6rderung einer inklusiven P\u00e4dagogik und der Zusammenarbeit mit Familien. Das Programm richtet sich haupts\u00e4chlich an Kindertageseinrichtungen, die von einem \u00fcberdurchschnittlich hohen Anteil von Kindern mit besonderem sprachlichen F\u00f6rderbedarf besucht werden.<\/p>\n<p>&nbsp;<\/p>\n<p><u>Aktualisierte \u00dcbersicht \u00fcber die gef\u00f6rderten Vorhaben in Fulda (Erste und zweite F\u00f6rderwelle)<\/u><\/p>\n<p><strong>\u00c2\u00a0<\/strong><\/p>\n<table width=\"1457\">\n<tbody>\n<tr>\n<td width=\"288\"><strong>Name der Einrichtung<\/strong><\/td>\n<td width=\"43\"><strong>PLZ<\/strong><\/td>\n<td width=\"41\"><strong>Ort<\/strong><\/td>\n<td width=\"152\"><strong>Stra\u00dfe<\/strong><\/td>\n<td width=\"491\"><strong>Tr\u00e4ger<\/strong><\/td>\n<td width=\"95\"><strong>2. halbe Stelle<\/strong><\/td>\n<td width=\"83\"><strong>F\u00f6rderwelle<\/strong><\/td>\n<td width=\"91\"><strong>F\u00f6rderbeginn<\/strong><\/td>\n<td width=\"80\"><strong>F\u00f6rderende<\/strong><\/td>\n<td width=\"95\"><strong>F\u00f6rdersumme<\/strong><\/td>\n<\/tr>\n<tr>\n<td width=\"288\">Kindertagesst\u00e4tte Fuldaaue (war schon)<\/td>\n<td width=\"43\">36037<\/td>\n<td width=\"41\">Fulda<\/td>\n<td width=\"152\">Am Alten Schlachthof 8<\/td>\n<td width=\"491\">Stadt Fulda<\/td>\n<td width=\"95\"><\/td>\n<td width=\"83\">1. Welle<\/td>\n<td width=\"91\">01.02.2016<\/td>\n<td width=\"80\">31.12.2019<\/td>\n<td width=\"95\">\u00c2\u00a0\u00c2\u00a0 \u00c2\u00a0\u00c2\u00a0\u00c2\u00a097.917,00 \u00e2\u201a\u00ac<\/td>\n<\/tr>\n<tr>\n<td width=\"288\">Kindertagesst\u00e4tte Spatzennest Edelzell (was schon)<\/td>\n<td width=\"43\">36043<\/td>\n<td width=\"41\">Fulda<\/td>\n<td width=\"152\">Florenberger Str. 5<\/td>\n<td width=\"491\">Stadt Fulda<\/td>\n<td width=\"95\"><\/td>\n<td width=\"83\">1. Welle<\/td>\n<td width=\"91\">01.02.2016<\/td>\n<td width=\"80\">31.12.2019<\/td>\n<td width=\"95\">\u00c2\u00a0\u00c2\u00a0\u00c2\u00a0\u00c2\u00a0\u00c2\u00a0 97.917,00 \u00e2\u201a\u00ac<\/td>\n<\/tr>\n<tr>\n<td width=\"288\">Kindertagesst\u00e4tte St. Sturmius (war schon)<\/td>\n<td width=\"43\">36043<\/td>\n<td width=\"41\">Fulda<\/td>\n<td width=\"152\">Im Fischfeld 9<\/td>\n<td width=\"491\">Haus der barmherzigen Schwestern vom hl. Vinzenz von Paul in Fulda -Kd\u00f6R-<\/td>\n<td width=\"95\"><\/td>\n<td width=\"83\">1. Welle<\/td>\n<td width=\"91\">01.01.2016<\/td>\n<td width=\"80\">31.12.2019<\/td>\n<td width=\"95\">\u00c2\u00a0\u00c2\u00a0\u00c2\u00a0 100.000,00 \u00e2\u201a\u00ac<\/td>\n<\/tr>\n<tr>\n<td width=\"288\">Kindergarten Lutherkirche (war schon)<\/td>\n<td width=\"43\">36043<\/td>\n<td width=\"41\">Fulda<\/td>\n<td width=\"152\">Martin-Luther-Platz 1<\/td>\n<td width=\"491\">Gesamtgemeinde Fulda<\/td>\n<td width=\"95\"><\/td>\n<td width=\"83\">1. Welle<\/td>\n<td width=\"91\">01.01.2016<\/td>\n<td width=\"80\">31.12.2019<\/td>\n<td width=\"95\">\u00c2\u00a0\u00c2\u00a0\u00c2\u00a0 100.000,00 \u00e2\u201a\u00ac<\/td>\n<\/tr>\n<tr>\n<td width=\"288\">Kindertagesst\u00e4tte Fulda Galerie (war schon)<\/td>\n<td width=\"43\">36041<\/td>\n<td width=\"41\">Fulda<\/td>\n<td width=\"152\">Paul-Klee-Str. 39<\/td>\n<td width=\"491\">Stadt Fulda<\/td>\n<td width=\"95\"><\/td>\n<td width=\"83\">1. Welle<\/td>\n<td width=\"91\">01.05.2016<\/td>\n<td width=\"80\">31.12.2019<\/td>\n<td width=\"95\">\u00c2\u00a0\u00c2\u00a0\u00c2\u00a0\u00c2\u00a0\u00c2\u00a0 91.668,00 \u00e2\u201a\u00ac<\/td>\n<\/tr>\n<tr>\n<td width=\"288\">St\u00e4dt. Kindertagesst\u00e4tte Weltentdecker (war schon)<\/td>\n<td width=\"43\">36039<\/td>\n<td width=\"41\">Fulda<\/td>\n<td width=\"152\">Von-Schleiffras-Str. 7<\/td>\n<td width=\"491\">Stadt Fulda<\/td>\n<td width=\"95\"><\/td>\n<td width=\"83\">1. Welle<\/td>\n<td width=\"91\">01.02.2016<\/td>\n<td width=\"80\">31.12.2019<\/td>\n<td width=\"95\">\u00c2\u00a0\u00c2\u00a0\u00c2\u00a0\u00c2\u00a0\u00c2\u00a0 97.917,00 \u00e2\u201a\u00ac<\/td>\n<\/tr>\n<tr>\n<td width=\"288\">Kindertagesst\u00e4tte Sonnenblume Horas<\/td>\n<td width=\"43\">36039<\/td>\n<td width=\"41\">Fulda<\/td>\n<td width=\"152\">Bonifatiusstr. 19<\/td>\n<td width=\"491\">Stadt Fulda<\/td>\n<td width=\"95\"><\/td>\n<td width=\"83\">2. Welle<\/td>\n<td width=\"91\">01.05.2017<\/td>\n<td width=\"80\">31.12.2020<\/td>\n<td width=\"95\">\u00c2\u00a0\u00c2\u00a0\u00c2\u00a0\u00c2\u00a0\u00c2\u00a0 91.668,00 \u00e2\u201a\u00ac<\/td>\n<\/tr>\n<tr>\n<td width=\"288\">Kindertagesst\u00e4tte Entdeckerinsel<\/td>\n<td width=\"43\">36041<\/td>\n<td width=\"41\">Fulda<\/td>\n<td width=\"152\">Carl-Schurz-Str. 14<\/td>\n<td width=\"491\">Stadt Fulda<\/td>\n<td width=\"95\"><\/td>\n<td width=\"83\">2. Welle<\/td>\n<td width=\"91\">01.05.2017<\/td>\n<td width=\"80\">31.12.2020<\/td>\n<td width=\"95\">\u00c2\u00a0\u00c2\u00a0\u00c2\u00a0\u00c2\u00a0\u00c2\u00a0 91.668,00 \u00e2\u201a\u00ac<\/td>\n<\/tr>\n<tr>\n<td width=\"288\">Kindertagesst\u00e4tte\u00c2\u00a0 Die Hobbits<\/td>\n<td width=\"43\">36043<\/td>\n<td width=\"41\">Fulda<\/td>\n<td width=\"152\">Dingelstedtstr. 10<\/td>\n<td width=\"491\">Stadt Fulda<\/td>\n<td width=\"95\"><\/td>\n<td width=\"83\">2. Welle<\/td>\n<td width=\"91\">01.05.2017<\/td>\n<td width=\"80\">31.12.2020<\/td>\n<td width=\"95\">\u00c2\u00a0\u00c2\u00a0\u00c2\u00a0\u00c2\u00a0\u00c2\u00a0 91.668,00 \u00e2\u201a\u00ac<\/td>\n<\/tr>\n<tr>\n<td width=\"288\">Kindertagesst\u00e4tte Miteinander<\/td>\n<td width=\"43\">36043<\/td>\n<td width=\"41\">Fulda<\/td>\n<td width=\"152\">Kohlh\u00e4user Str. 26<\/td>\n<td width=\"491\">Stadt Fulda<\/td>\n<td width=\"95\"><\/td>\n<td width=\"83\">2. Welle<\/td>\n<td width=\"91\">01.05.2017<\/td>\n<td width=\"80\">31.12.2020<\/td>\n<td width=\"95\">\u00c2\u00a0\u00c2\u00a0\u00c2\u00a0\u00c2\u00a0\u00c2\u00a0 91.668,00 \u00e2\u201a\u00ac<\/td>\n<\/tr>\n<tr>\n<td width=\"288\">Kindertagesst\u00e4tte Niesig<\/td>\n<td width=\"43\">36039<\/td>\n<td width=\"41\">Fulda<\/td>\n<td width=\"152\">Niesiger Str. 195 A<\/td>\n<td width=\"491\">Stadt Fulda<\/td>\n<td width=\"95\"><\/td>\n<td width=\"83\">2. Welle<\/td>\n<td width=\"91\">01.05.2017<\/td>\n<td width=\"80\">31.12.2020<\/td>\n<td width=\"95\">\u00c2\u00a0\u00c2\u00a0\u00c2\u00a0\u00c2\u00a0\u00c2\u00a0 91.668,00 \u00e2\u201a\u00ac<\/td>\n<\/tr>\n<tr>\n<td width=\"288\">Kindertagesst\u00e4tte Sickels Pippi Langstrumpf<\/td>\n<td width=\"43\">36041<\/td>\n<td width=\"41\">Fulda<\/td>\n<td width=\"152\">Sickelser Str. 76<\/td>\n<td width=\"491\">Stadt Fulda<\/td>\n<td width=\"95\"><\/td>\n<td width=\"83\">2. Welle<\/td>\n<td width=\"91\">01.05.2017<\/td>\n<td width=\"80\">31.12.2020<\/td>\n<td width=\"95\">\u00c2\u00a0\u00c2\u00a0\u00c2\u00a0\u00c2\u00a0\u00c2\u00a0 91.668,00 \u00e2\u201a\u00ac<\/td>\n<\/tr>\n<tr>\n<td width=\"288\">Kindertagesst\u00e4tte Sonnenschein Aschenberg<\/td>\n<td width=\"43\">36039<\/td>\n<td width=\"41\">Fulda<\/td>\n<td width=\"152\">Steidlstr. 98 b<\/td>\n<td width=\"491\">Stadt Fulda<\/td>\n<td width=\"95\"><\/td>\n<td width=\"83\">2. Welle<\/td>\n<td width=\"91\">01.05.2017<\/td>\n<td width=\"80\">31.12.2020<\/td>\n<td width=\"95\">\u00c2\u00a0\u00c2\u00a0\u00c2\u00a0\u00c2\u00a0\u00c2\u00a0 91.668,00 \u00e2\u201a\u00ac<\/td>\n<\/tr>\n<\/tbody>\n<\/table>\n<p>&nbsp;<\/p>\n","protected":false},"excerpt":{"rendered":"<div class=\"tmnf_excerpt\"><p>Der Bund f\u00f6rdert sieben weitere Kitas in Fulda mit \u00fcber 500.000 EURO zus\u00e4tzlich, das teilte der Fuldaer Wahlkreisabgeordnete Michael Brand mit. Damit steigt die Unterst\u00fctzung des Bundes f\u00fcr Sprachf\u00f6rderung in Fulda auf ingesamt weit \u00fcber 1 Millionen EURO. \u201eDas ist gut investiertes Geld, den Sprache ist der Schl\u00fcssel f\u00fcr gute Bildung\u201c, so der Abgeordnete, der &hellip;<\/p>\n<\/div>","protected":false},"author":1,"featured_media":0,"comment_status":"closed","ping_status":"closed","sticky":false,"template":"","format":"standard","meta":{"footnotes":""},"categories":[1],"tags":[],"class_list":["post-164324","post","type-post","status-publish","format-standard","hentry","category-startseite"],"_links":{"self":[{"href":"https:\/\/www.fuldaernachrichten.de\/index.php?rest_route=\/wp\/v2\/posts\/164324","targetHints":{"allow":["GET"]}}],"collection":[{"href":"https:\/\/www.fuldaernachrichten.de\/index.php?rest_route=\/wp\/v2\/posts"}],"about":[{"href":"https:\/\/www.fuldaernachrichten.de\/index.php?rest_route=\/wp\/v2\/types\/post"}],"author":[{"embeddable":true,"href":"https:\/\/www.fuldaernachrichten.de\/index.php?rest_route=\/wp\/v2\/users\/1"}],"replies":[{"embeddable":true,"href":"https:\/\/www.fuldaernachrichten.de\/index.php?rest_route=%2Fwp%2Fv2%2Fcomments&post=164324"}],"version-history":[{"count":1,"href":"https:\/\/www.fuldaernachrichten.de\/index.php?rest_route=\/wp\/v2\/posts\/164324\/revisions"}],"predecessor-version":[{"id":164329,"href":"https:\/\/www.fuldaernachrichten.de\/index.php?rest_route=\/wp\/v2\/posts\/164324\/revisions\/164329"}],"wp:attachment":[{"href":"https:\/\/www.fuldaernachrichten.de\/index.php?rest_route=%2Fwp%2Fv2%2Fmedia&parent=164324"}],"wp:term":[{"taxonomy":"category","embeddable":true,"href":"https:\/\/www.fuldaernachrichten.de\/index.php?rest_route=%2Fwp%2Fv2%2Fcategories&post=164324"},{"taxonomy":"post_tag","embeddable":true,"href":"https:\/\/www.fuldaernachrichten.de\/index.php?rest_route=%2Fwp%2Fv2%2Ftags&post=164324"}],"curies":[{"name":"wp","href":"https:\/\/api.w.org\/{rel}","templated":true}]}}