{"id":164298,"date":"2017-06-12T08:01:23","date_gmt":"2017-06-12T06:01:23","guid":{"rendered":"http:\/\/www.fuldaer-nachrichten.de\/?p=164298"},"modified":"2017-06-12T08:01:23","modified_gmt":"2017-06-12T06:01:23","slug":"generationenwechsel-vollzogen-wehnergroma-mit-kristin-wehner-rundshagen-und-oliver-wehner-an-der-spitze","status":"publish","type":"post","link":"https:\/\/www.fuldaernachrichten.de\/?p=164298","title":{"rendered":"Generationenwechsel vollzogen &#8211; WehnerGROMA mit Kristin Wehner-Rundshagen und Oliver Wehner an der Spitze"},"content":{"rendered":"<p>Zwei gro\u00dfe Themen standen auf dem Programm anl\u00e4sslich eines Pressegespr\u00e4ches, zu dem die Gesch\u00e4ftsf\u00fchrung des Unternehmens WehnerGROMA in Fulda mit Kristin Wehner-Rundshagen und Oliver Wehner geladen hatte: Erl\u00e4utert wurden die Modalit\u00e4ten rund um den Generationenwechsel, der sich zum 1. April dieses Jahres mit der Neuberufung der Gesch\u00e4ftsf\u00fchrung abschlie\u00dfend vollzogen hatte. Wolfgang Wehner und Dr. Eugen Wehner haben sich nach \u00fcber 50-j\u00e4hriger T\u00e4tigkeit als gesch\u00e4ftsf\u00fchrende Gesellschafter aus der Gesch\u00e4ftsf\u00fchrung zur\u00fcckgezogen. Im letzten Jahr war ebenfalls der Gesch\u00e4ftsf\u00fchrer Hermann Schneider nach \u00fcber 24-j\u00e4hriger T\u00e4tigkeit aus dem Unternehmen ausgeschieden. Die Geschicke leiten federf\u00fchrend Kristin Wehner-Rundshagen und Oliver Wehner, unterst\u00fctzt werden sie in der n\u00e4chsten F\u00fchrungsebene von J\u00f6rg Hessler und J\u00fcrgen Zentgraf, denen Prokura erteilt wurde. Beide sind langj\u00e4hrige Mitarbeiter und verantworten die Bereiche Rechnungs- und Personalwesen sowie mit J\u00fcrgen Zentgraf Vertrieb, Zustellung und Einkauf. Bew\u00e4hrtes und Traditionen fortzusetzen oder auch in Frage zu stellen, Ver\u00e4nderungen zuzulassen sowie Innovationen einzuf\u00fchren, so beschrieb Oliver Wehner das Engagement der neuen \u201eF\u00fchrungsriege\u201c. Dass dabei auch weitere Mitarbeiter hinzugezogen werden, sei beinahe eine Selbstverst\u00e4ndlichkeit: \u201eEin Unternehmen lebt nicht nur durch die F\u00fchrungsspitze sondern durch die Mitarbeiter, daher ist der erweiterte F\u00fchrungskreis nur folgerichtig.\u201c Dass dennoch immer wieder auf den Rat und die Erfahrung der \u201eSenioren\u201c zur\u00fcckgegriffen werden darf, das wurde durch einen neu geschaffenen Beirat mit den Herren Wehner und Schneider sichergestellt. Kristin Wehner-Rundshagen: \u201eWir treten in gro\u00dfe Fu\u00dfstapfen und sind dankbar f\u00fcr das Vertrauen, das uns entgegengebracht wird.\u201c<br \/>\nEin besonders gro\u00dfes und anspruchsvolles Projekt gilt es, bereits in diesem Jahr zu starten: den Neubau eines Groma-Marktes in Schweinfurt. Seit 1983 ist die Groma in Schweinfurt t\u00e4tig. Das attraktive Umfeld, die gute Nachfrage und der Wunsch nach einem modernen Markt, der auch den Umweltanspr\u00fcchen gen\u00fcgt, machen den Neubau erforderlich. Kostenpunkt: acht Millionen Euro. Die Er\u00f6ffnung ist f\u00fcr den Sommer 2018 vorgesehen.   <\/p>\n<p>BU: Die n\u00e4chste Generation tritt an: Oliver Wehner, J\u00fcrgen Zentgraf, Kristin Wehner-Rundshagen, J\u00f6rg Hessler, Dr. Eugen Wehner, Hermann Schneider und Wolfgang Wehner (von lks.).     <\/p>\n","protected":false},"excerpt":{"rendered":"<div class=\"tmnf_excerpt\"><p>Zwei gro\u00dfe Themen standen auf dem Programm anl\u00e4sslich eines Pressegespr\u00e4ches, zu dem die Gesch\u00e4ftsf\u00fchrung des Unternehmens WehnerGROMA in Fulda mit Kristin Wehner-Rundshagen und Oliver Wehner geladen hatte: Erl\u00e4utert wurden die Modalit\u00e4ten rund um den Generationenwechsel, der sich zum 1. April dieses Jahres mit der Neuberufung der Gesch\u00e4ftsf\u00fchrung abschlie\u00dfend vollzogen hatte. Wolfgang Wehner und Dr. Eugen &hellip;<\/p>\n<\/div>","protected":false},"author":1,"featured_media":164303,"comment_status":"closed","ping_status":"closed","sticky":false,"template":"","format":"standard","meta":{"footnotes":""},"categories":[1],"tags":[],"class_list":["post-164298","post","type-post","status-publish","format-standard","has-post-thumbnail","hentry","category-startseite"],"_links":{"self":[{"href":"https:\/\/www.fuldaernachrichten.de\/index.php?rest_route=\/wp\/v2\/posts\/164298","targetHints":{"allow":["GET"]}}],"collection":[{"href":"https:\/\/www.fuldaernachrichten.de\/index.php?rest_route=\/wp\/v2\/posts"}],"about":[{"href":"https:\/\/www.fuldaernachrichten.de\/index.php?rest_route=\/wp\/v2\/types\/post"}],"author":[{"embeddable":true,"href":"https:\/\/www.fuldaernachrichten.de\/index.php?rest_route=\/wp\/v2\/users\/1"}],"replies":[{"embeddable":true,"href":"https:\/\/www.fuldaernachrichten.de\/index.php?rest_route=%2Fwp%2Fv2%2Fcomments&post=164298"}],"version-history":[{"count":1,"href":"https:\/\/www.fuldaernachrichten.de\/index.php?rest_route=\/wp\/v2\/posts\/164298\/revisions"}],"predecessor-version":[{"id":164304,"href":"https:\/\/www.fuldaernachrichten.de\/index.php?rest_route=\/wp\/v2\/posts\/164298\/revisions\/164304"}],"wp:featuredmedia":[{"embeddable":true,"href":"https:\/\/www.fuldaernachrichten.de\/index.php?rest_route=\/wp\/v2\/media\/164303"}],"wp:attachment":[{"href":"https:\/\/www.fuldaernachrichten.de\/index.php?rest_route=%2Fwp%2Fv2%2Fmedia&parent=164298"}],"wp:term":[{"taxonomy":"category","embeddable":true,"href":"https:\/\/www.fuldaernachrichten.de\/index.php?rest_route=%2Fwp%2Fv2%2Fcategories&post=164298"},{"taxonomy":"post_tag","embeddable":true,"href":"https:\/\/www.fuldaernachrichten.de\/index.php?rest_route=%2Fwp%2Fv2%2Ftags&post=164298"}],"curies":[{"name":"wp","href":"https:\/\/api.w.org\/{rel}","templated":true}]}}