{"id":164291,"date":"2017-06-12T07:59:04","date_gmt":"2017-06-12T05:59:04","guid":{"rendered":"http:\/\/www.fuldaer-nachrichten.de\/?p=164291"},"modified":"2017-06-12T07:59:04","modified_gmt":"2017-06-12T05:59:04","slug":"bischof-algermissen-erteilte-missio-canonica-abschluss-des-tages-der-katechese-3","status":"publish","type":"post","link":"https:\/\/www.fuldaernachrichten.de\/?p=164291","title":{"rendered":"Bischof Algermissen erteilte \u201eMissio canonica\u201c \u2013 Abschluss des \u201eTages der Katechese\u201c"},"content":{"rendered":"<p>In einem Pontifikalamt im Hohen Dom zu Fulda hat Bischof Heinz Josef Algermissen am Donnerstag 38 Frauen und M\u00e4nnern aus der Di\u00f6zese die sogenannte \u201eMissio canonica\u201c, die kirchliche Lehrbeauftragung, erteilt. Die Messfeier bildete den Abschluss des traditionellen \u201eTages der Katechese\u201c in der Woche nach dem Bonifatiusfest. In seiner Predigt vor rund 150 Religionslehrern und Katecheten und vielen anderen Gl\u00e4ubigen betonte der Oberhirte: \u201eMehr als andere Christen haben Sie im Studium Gottes Geschichte mit den Menschen bedacht und gelernt, p\u00e4dagogisch und didaktisch klug dar\u00fcber zu reden.\u201c Doch werde ihr Glaube erst da existenziell, wo die Religionslehrer pers\u00f6nlich gefragt seien und Glaubenswissen und katechetische Konzepte an ihr Ende gelangten. Am \u201eTag der Katechese\u201c d\u00fcrften sie sich von Gott zusagen lassen, dass Menschen gefragt seien, \u201edie sich im entscheidenden Moment ihr \u00c4ngste eingestehen und sich von Gott befreien lassen\u201c.<\/p>\n<p>Solche Menschen seien als Verk\u00fcnder der Frohen Botschaft auch bei den Menschen gefragt, zeigte sich der Oberhirte \u00fcberzeugt. Denn an ihnen werde sp\u00fcrbar, dass Gott mitgehe und sich da zeige, \u201ewo wir pers\u00f6nlich werden\u201c, auch im Hilfeschrei. Der Bischof w\u00fcnschte den Religionslehrern und Katecheten, dass diese Erfahrung ihren Dienst begleite und sie Menschen mit in dieses Vertrauen hineinnehmen k\u00f6nnten. In der Erz\u00e4hlung vom Seesturm im Markusevangelium erahnten die J\u00fcnger nach ihrer Rettung durch Jesus etwas von seiner Gr\u00f6\u00dfe. \u201eGlaube w\u00e4chst dort, wo wir vertrauensvoll von uns selbst absehen und uns von IHM anfragen lassen.\u201c Das Evangelium sei auch eine ernste Anfrage an unser Leben und unseren Dienst: \u201eBekommt Gott erst da seinen Platz bei uns, wo wir nicht weiterk\u00f6nnen oder rechnen wir grunds\u00e4tzlich mit ihm?\u201c Man m\u00fcsse sich auch fragen, ob man bei Planung, Konzepten und Programmen, Gespr\u00e4chen und pers\u00f6nlicher Zeiteinteilung Gott Raum lasse. Daran entscheide sich, ob das M\u00fchen der Katecheten und Lehrer p\u00e4dagogischer Aktivismus oder geistliches Tun sei.<\/p>\n<p>Der Bischof erinnerte die Religionslehrer daran, dass Lehrer und Priester, Ehrenamtliche und Hauptamtliche, M\u00e4nner und Frauen, Engagierte und Fernstehende alle in einem Boot, dem Boot der Kirche, s\u00e4\u00dfen. \u201eNehmen wir einander mit unseren unterschiedlichen Aufgaben und F\u00e4higkeiten, unseren Fragen und N\u00f6ten an! Achten wir darauf, dass wir, wo wir neue Wege gehen, einander mitnehmen und mitkommen lassen!\u201c, rief Algermissen auf. Jeder m\u00fcsse immer neu seine eigene Sendung und Bevollm\u00e4chtigung kl\u00e4ren. \u201eSch\u00e4rfen Sie Ihr Profil als Religionslehrer durch die je neue Verlebendigung der Sakramente Taufe und Firmung, die Sie empfangen haben.\u201c Zudem sollten sie ihren Dienst in Solidarit\u00e4t miteinander, mit dem Bischof und mit der Kirche in dem festen Glauben tun, dass die sichtbare Kirche Auftrag und Bedeutung f\u00fcr das Heil der Menschen habe. \u201eSie ist und war nie eine heile Gemeinschaft, aber eine notwendige Heilsgemeinschaft.\u201c<\/p>\n<p>F\u00fcr die musikalische Gestaltung des Gottesdienstes sorgten Domorganist Prof. Hans-J\u00fcrgen Kaiser sowie Chor und Orchester des Franziskanergymnasiums Kreuzburg (Gro\u00dfkrotzenburg) unter der Leitung von Dr. Maria-E. Heisler-Wiegelmann.<\/p>\n","protected":false},"excerpt":{"rendered":"<div class=\"tmnf_excerpt\"><p>In einem Pontifikalamt im Hohen Dom zu Fulda hat Bischof Heinz Josef Algermissen am Donnerstag 38 Frauen und M\u00e4nnern aus der Di\u00f6zese die sogenannte \u201eMissio canonica\u201c, die kirchliche Lehrbeauftragung, erteilt. Die Messfeier bildete den Abschluss des traditionellen \u201eTages der Katechese\u201c in der Woche nach dem Bonifatiusfest. In seiner Predigt vor rund 150 Religionslehrern und Katecheten &hellip;<\/p>\n<\/div>","protected":false},"author":1,"featured_media":164296,"comment_status":"closed","ping_status":"closed","sticky":false,"template":"","format":"standard","meta":{"footnotes":""},"categories":[1],"tags":[],"class_list":["post-164291","post","type-post","status-publish","format-standard","has-post-thumbnail","hentry","category-startseite"],"_links":{"self":[{"href":"https:\/\/www.fuldaernachrichten.de\/index.php?rest_route=\/wp\/v2\/posts\/164291","targetHints":{"allow":["GET"]}}],"collection":[{"href":"https:\/\/www.fuldaernachrichten.de\/index.php?rest_route=\/wp\/v2\/posts"}],"about":[{"href":"https:\/\/www.fuldaernachrichten.de\/index.php?rest_route=\/wp\/v2\/types\/post"}],"author":[{"embeddable":true,"href":"https:\/\/www.fuldaernachrichten.de\/index.php?rest_route=\/wp\/v2\/users\/1"}],"replies":[{"embeddable":true,"href":"https:\/\/www.fuldaernachrichten.de\/index.php?rest_route=%2Fwp%2Fv2%2Fcomments&post=164291"}],"version-history":[{"count":1,"href":"https:\/\/www.fuldaernachrichten.de\/index.php?rest_route=\/wp\/v2\/posts\/164291\/revisions"}],"predecessor-version":[{"id":164297,"href":"https:\/\/www.fuldaernachrichten.de\/index.php?rest_route=\/wp\/v2\/posts\/164291\/revisions\/164297"}],"wp:featuredmedia":[{"embeddable":true,"href":"https:\/\/www.fuldaernachrichten.de\/index.php?rest_route=\/wp\/v2\/media\/164296"}],"wp:attachment":[{"href":"https:\/\/www.fuldaernachrichten.de\/index.php?rest_route=%2Fwp%2Fv2%2Fmedia&parent=164291"}],"wp:term":[{"taxonomy":"category","embeddable":true,"href":"https:\/\/www.fuldaernachrichten.de\/index.php?rest_route=%2Fwp%2Fv2%2Fcategories&post=164291"},{"taxonomy":"post_tag","embeddable":true,"href":"https:\/\/www.fuldaernachrichten.de\/index.php?rest_route=%2Fwp%2Fv2%2Ftags&post=164291"}],"curies":[{"name":"wp","href":"https:\/\/api.w.org\/{rel}","templated":true}]}}