{"id":164267,"date":"2017-06-12T07:56:31","date_gmt":"2017-06-12T05:56:31","guid":{"rendered":"http:\/\/www.fuldaer-nachrichten.de\/?p=164267"},"modified":"2017-06-12T07:56:31","modified_gmt":"2017-06-12T05:56:31","slug":"landrat-bernd-woide-besichtigt-fft-produktionssysteme-gmbh-co-kg-im-industriepark-west","status":"publish","type":"post","link":"https:\/\/www.fuldaernachrichten.de\/?p=164267","title":{"rendered":"Landrat Bernd Woide besichtigt FFT Produktionssysteme GmbH &#038; Co. KG im Industriepark West"},"content":{"rendered":"<p>Zukunft made in Fulda: Landrat Bernd Woide besuchte als Beispiel f\u00fcr ein regionales Unternehmen, das heute bereits L\u00f6sungen f\u00fcr Probleme von morgen entwickelt,  die FFT Produktionssysteme GmbH &#038; Co.KG. Unter F\u00fchrung von Gesch\u00e4ftsf\u00fchrer Manfred Hahl verschaffte er sich einen Eindruck von der Produktion und der Entwicklungsabteilung der Firma im Industriepark West in Fulda.<\/p>\n<p>\u201eObwohl ich die Region und ihre Unternehmen gut kenne, bin ich immer wieder beeindruckt, welche Innovationskraft in den hier ans\u00e4ssigen Firmen besteht, die weltweit zur Anwendung kommt\u201c, sagte Bernd Woide und f\u00fcgte an: \u201eSolch starke Arbeitgeber sind der Grund, dass die Region mit einer Arbeitslosenquote von nur 2,7 Prozent so exzellent dasteht.\u201c FFT Produktionssysteme hat alleine am Standort Fulda 700 Mitarbeiter, insgesamt rund 2300. Manfred Hahl erl\u00e4uterte dem Politiker beim Gang durch die Hallen verschiedenste Schwerpunkte der Firma, die auf die Entwicklung und den Bau von schl\u00fcsselfertigen Anlagen, im Fachjargon Turn-Key-L\u00f6sungen, in den Bereichen Automotive, Luftfahrt, Wei\u00dfe Ware und erneuerbare Energien spezialisiert ist.<\/p>\n<p>Wie diese im t\u00e4glichen Einsatz funktionieren, zeigte der Firmenchef anschaulich an verschiedenen Beispielen, etwa an der B-S\u00e4ule eines Pkw. \u201eMit der von uns entwickelten Anlage kann die Naht, mit der die verschiedenen Teile zusammengehalten werden, gelasert statt geschwei\u00dft werden. Dadurch f\u00e4llt die Nahtstelle schm\u00e4ler aus, Material wird eingespart, und das Auto wird leichter.\u201c W\u00e4hrend diese Anlage bei Autoherstellern weltweit im Einsatz ist, ist die FFT selbst seit dem vergangenen Jahr ein kleines Autowerk: eine neue Halle mit 5000 Quadratmetern Fl\u00e4che wurde gebaut, weil gro\u00dfe Autohersteller hier die Produktion von Kleinserien mit ungef\u00e4hr 10000 St\u00fcck gut aufgehoben wissen.<\/p>\n<p>W\u00e4hrend dies f\u00fcr Hahl und sein Team Alltag ist, sind sie auf aktuelle Entwicklungen aus dem eigenen Hause besonders stolz: Ein hier entstandenes zentrales Steuerungskonzept sorgt daf\u00fcr, dass Roboter verschiedener Hersteller reibungslos im Zusammenbau von Fahrzeugen miteinander agieren. Zudem ist das Gesamtgef\u00fcge aus Karbonfaser, was es um mehrere Tonnen leichter als bislang \u00fcblich macht. \u201eDas ist einmalig in der Automobilindustrie\u201c, erkl\u00e4rte der Gesch\u00e4ftsf\u00fchrer und erg\u00e4nzte \u00fcberzeugt: \u201eIndustrie 4.0 wird nicht bedeuten, dass nur Roboter zum Einsatz kommen. Vielmehr wird das Zusammenspiel zwischen Mensch und Roboter noch viel komplexer als bisher werden.\u201c<\/p>\n<p>F\u00fcr ihn nur ein Grund, warum er in seinem Unternehmen besonderen Wert auf Ausbildung legt: 110 Auszubildende und BA-Studenten werden hier zu Fachkr\u00e4ften, das BBZ Fulda geh\u00f6rt als Bildungseinrichtung zu FFT, und regelm\u00e4\u00dfige Weiterbildungen f\u00fcr Mitarbeiter, die immer wieder neueste Techniken beherrschen m\u00fcssen, sind Pflicht. \u201eWir m\u00f6chten nicht nur die Besten, sondern die besten Fachkr\u00e4fte \u2013 jeder kann hier seine St\u00e4rken finden, entwickeln und einbringen\u201c, so Manfred Hahl. Und Landrat Bernd Woide betonte: \u201eHier zeigt sich, wie wichtig es ist, dass es Betriebe gibt, die in Aus- und Weiterbildung investieren, und wie sinnvoll eine duale Ausbildung mit der Verkn\u00fcpfung von praktischem, betrieblichem und theoretischem Anteil ist.\u201c<\/p>\n","protected":false},"excerpt":{"rendered":"<div class=\"tmnf_excerpt\"><p>Zukunft made in Fulda: Landrat Bernd Woide besuchte als Beispiel f\u00fcr ein regionales Unternehmen, das heute bereits L\u00f6sungen f\u00fcr Probleme von morgen entwickelt, die FFT Produktionssysteme GmbH &#038; Co.KG. Unter F\u00fchrung von Gesch\u00e4ftsf\u00fchrer Manfred Hahl verschaffte er sich einen Eindruck von der Produktion und der Entwicklungsabteilung der Firma im Industriepark West in Fulda. \u201eObwohl ich &hellip;<\/p>\n<\/div>","protected":false},"author":1,"featured_media":164281,"comment_status":"closed","ping_status":"closed","sticky":false,"template":"","format":"standard","meta":{"footnotes":""},"categories":[1],"tags":[],"class_list":["post-164267","post","type-post","status-publish","format-standard","has-post-thumbnail","hentry","category-startseite"],"_links":{"self":[{"href":"https:\/\/www.fuldaernachrichten.de\/index.php?rest_route=\/wp\/v2\/posts\/164267","targetHints":{"allow":["GET"]}}],"collection":[{"href":"https:\/\/www.fuldaernachrichten.de\/index.php?rest_route=\/wp\/v2\/posts"}],"about":[{"href":"https:\/\/www.fuldaernachrichten.de\/index.php?rest_route=\/wp\/v2\/types\/post"}],"author":[{"embeddable":true,"href":"https:\/\/www.fuldaernachrichten.de\/index.php?rest_route=\/wp\/v2\/users\/1"}],"replies":[{"embeddable":true,"href":"https:\/\/www.fuldaernachrichten.de\/index.php?rest_route=%2Fwp%2Fv2%2Fcomments&post=164267"}],"version-history":[{"count":1,"href":"https:\/\/www.fuldaernachrichten.de\/index.php?rest_route=\/wp\/v2\/posts\/164267\/revisions"}],"predecessor-version":[{"id":164282,"href":"https:\/\/www.fuldaernachrichten.de\/index.php?rest_route=\/wp\/v2\/posts\/164267\/revisions\/164282"}],"wp:featuredmedia":[{"embeddable":true,"href":"https:\/\/www.fuldaernachrichten.de\/index.php?rest_route=\/wp\/v2\/media\/164281"}],"wp:attachment":[{"href":"https:\/\/www.fuldaernachrichten.de\/index.php?rest_route=%2Fwp%2Fv2%2Fmedia&parent=164267"}],"wp:term":[{"taxonomy":"category","embeddable":true,"href":"https:\/\/www.fuldaernachrichten.de\/index.php?rest_route=%2Fwp%2Fv2%2Fcategories&post=164267"},{"taxonomy":"post_tag","embeddable":true,"href":"https:\/\/www.fuldaernachrichten.de\/index.php?rest_route=%2Fwp%2Fv2%2Ftags&post=164267"}],"curies":[{"name":"wp","href":"https:\/\/api.w.org\/{rel}","templated":true}]}}