{"id":164266,"date":"2017-06-12T07:56:42","date_gmt":"2017-06-12T05:56:42","guid":{"rendered":"http:\/\/www.fuldaer-nachrichten.de\/?p=164266"},"modified":"2017-06-12T07:56:42","modified_gmt":"2017-06-12T05:56:42","slug":"das-reparaturcafe-erneuerbar-braucht-verstaerkung","status":"publish","type":"post","link":"https:\/\/www.fuldaernachrichten.de\/?p=164266","title":{"rendered":"Das Reparaturcaf\u00e9 Erneuer:Bar braucht Verst\u00e4rkung!"},"content":{"rendered":"<p>Seit dem 22. September 2016 hat das Reparaturcaf\u00e9 \u201eErneuer:Bar\u201c in der Langebr\u00fcckenstra\u00dfe 14 ge\u00f6ffnet. <\/p>\n<p>Zweimal pro Woche finden Reparaturveranstaltungen statt, in denen ehrenamtliche Spezialist*innen mit ihrem Reparaturgeschick der Wegwerfgesellschaft entgegenwirken.<br \/>\nGe\u00f6ffnet ist die Erneuer:Bar dienstags von 16 \u2013 22 Uhr mit den Bereichen Textil &#038; Holz, als auch Elektronik &#038; Mechanik. Mittwochs hat die Erneuer:Bar von 14 \u2013 18 Uhr IT &#038; Computer in der Reparaturveranstaltung. <\/p>\n<p>Dabei k\u00f6nnen alle Interessierten kostenlos und unter ehrenamtlicher Anleitung erfahrener \u201eRepairer\u201c ihre defekten Ger\u00e4te reparieren, auf Entdeckungsreise durch das Innenleben ihrer Alltagsgegenst\u00e4nde gehen und sich in gem\u00fctlicher Caf\u00e9atmosph\u00e4re austauschen.<\/p>\n<p>Zahlreiche Gegenst\u00e4nde der verschiedenen Bereiche haben wieder zur\u00fcck ins Leben gefunden. Unter anderem sind Kleidungsst\u00fccke geflickt, ver\u00e4ndert und sogar neu entworfen worden. Im Bereich Holz wurde ein Aktenschrank wieder repariert, als auch ein Setzkasten gebaut. Gro\u00dfe und kleine Gegenst\u00e4nde mit Stecker (Waschmaschine, Kaffeevollautomat, Radios, Anlagen, \u00e2\u20ac\u00a6), konnten im Bereich Elektronik &#038; Mechanik repariert werden. Im Bereich IT und Computer wurden viele Daten gerettet, Spider-Apps beseitigt und neue Software aufgespielt. <\/p>\n<p>Nun will die Erneuer:Bar eine weitere \u00d6ffnungszeit initiieren. Daf\u00fcr werden weitere ehrenamtliche Reparaturspezialist*innen ben\u00f6tigt, welche das Team bereichern.<br \/>\nRepairer werden k\u00f6nnen alle, die\u00e2\u20ac\u00a6<\/p>\n<p>\u00e2\u20ac\u00a6Reparatur-F\u00e4higkeiten besitzen und diese gerne ehrenamtlich an Menschen weitergeben m\u00f6chten<br \/>\n\u00e2\u20ac\u00a6gerne T\u00fcfteln, kreativ werden und sich generations\u00fcbergreifend dar\u00fcber austauschen m\u00f6chten<br \/>\n\u00e2\u20ac\u00a6sich initiativ f\u00fcr mehr Nachhaltigkeit und Konsumbewusstsein einsetzen wollen<br \/>\n\u00e2\u20ac\u00a6sich regelm\u00e4\u00dfig zwei bis drei Stunden in der Woche daf\u00fcr Zeit nehmen k\u00f6nnen<\/p>\n<p>In folgenden Bereichen wird Unterst\u00fctzung ben\u00f6tigt:<br \/>\nFahrrad, Elektronik und Mechanik, IT\/Handy\/Computer, N\u00e4hmaschine, Holz<\/p>\n<p>Kontakt:<br \/>\nHelen Weissig\u00e2\u20ac\u00a8Helen.weissig@jugendwerk-nordhessen.de\u00e2\u20ac\u00a8Telefon: 0661 480045 91<\/p>\n","protected":false},"excerpt":{"rendered":"<div class=\"tmnf_excerpt\"><p>Seit dem 22. September 2016 hat das Reparaturcaf\u00e9 \u201eErneuer:Bar\u201c in der Langebr\u00fcckenstra\u00dfe 14 ge\u00f6ffnet. Zweimal pro Woche finden Reparaturveranstaltungen statt, in denen ehrenamtliche Spezialist*innen mit ihrem Reparaturgeschick der Wegwerfgesellschaft entgegenwirken. Ge\u00f6ffnet ist die Erneuer:Bar dienstags von 16 \u2013 22 Uhr mit den Bereichen Textil &#038; Holz, als auch Elektronik &#038; Mechanik. Mittwochs hat die Erneuer:Bar &hellip;<\/p>\n<\/div>","protected":false},"author":1,"featured_media":164276,"comment_status":"closed","ping_status":"closed","sticky":false,"template":"","format":"gallery","meta":{"footnotes":""},"categories":[1],"tags":[],"class_list":["post-164266","post","type-post","status-publish","format-gallery","has-post-thumbnail","hentry","category-startseite","post_format-post-format-gallery"],"_links":{"self":[{"href":"https:\/\/www.fuldaernachrichten.de\/index.php?rest_route=\/wp\/v2\/posts\/164266","targetHints":{"allow":["GET"]}}],"collection":[{"href":"https:\/\/www.fuldaernachrichten.de\/index.php?rest_route=\/wp\/v2\/posts"}],"about":[{"href":"https:\/\/www.fuldaernachrichten.de\/index.php?rest_route=\/wp\/v2\/types\/post"}],"author":[{"embeddable":true,"href":"https:\/\/www.fuldaernachrichten.de\/index.php?rest_route=\/wp\/v2\/users\/1"}],"replies":[{"embeddable":true,"href":"https:\/\/www.fuldaernachrichten.de\/index.php?rest_route=%2Fwp%2Fv2%2Fcomments&post=164266"}],"version-history":[{"count":1,"href":"https:\/\/www.fuldaernachrichten.de\/index.php?rest_route=\/wp\/v2\/posts\/164266\/revisions"}],"predecessor-version":[{"id":164283,"href":"https:\/\/www.fuldaernachrichten.de\/index.php?rest_route=\/wp\/v2\/posts\/164266\/revisions\/164283"}],"wp:featuredmedia":[{"embeddable":true,"href":"https:\/\/www.fuldaernachrichten.de\/index.php?rest_route=\/wp\/v2\/media\/164276"}],"wp:attachment":[{"href":"https:\/\/www.fuldaernachrichten.de\/index.php?rest_route=%2Fwp%2Fv2%2Fmedia&parent=164266"}],"wp:term":[{"taxonomy":"category","embeddable":true,"href":"https:\/\/www.fuldaernachrichten.de\/index.php?rest_route=%2Fwp%2Fv2%2Fcategories&post=164266"},{"taxonomy":"post_tag","embeddable":true,"href":"https:\/\/www.fuldaernachrichten.de\/index.php?rest_route=%2Fwp%2Fv2%2Ftags&post=164266"}],"curies":[{"name":"wp","href":"https:\/\/api.w.org\/{rel}","templated":true}]}}