{"id":164261,"date":"2017-06-12T07:54:23","date_gmt":"2017-06-12T05:54:23","guid":{"rendered":"http:\/\/www.fuldaer-nachrichten.de\/?p=164261"},"modified":"2017-06-12T07:54:23","modified_gmt":"2017-06-12T05:54:23","slug":"fuehrung-zu-500-jahre-buedinger-festungskunst-6","status":"publish","type":"post","link":"https:\/\/www.fuldaernachrichten.de\/?p=164261","title":{"rendered":"F\u00fchrung zu 500 Jahre B\u00fcdinger Festungskunst"},"content":{"rendered":"<p>In den Gr\u00e4ben ist kein Wasser mehr, aber sonst fast alles noch so wie vor 500 Jahren: B\u00fcdingen darf sich gl\u00fccklich sch\u00e4tzen, eine der am besten erhaltenen Befestigungsanlagen Deutschlands zu besitzen, die wie kaum eine andere f\u00fcr den \u00dcbergang vom Mittelalter zur Neuzeit steht. <\/p>\n<p>Am Sonntag, den 18. Juni l\u00e4dt die Tourist-Information zu der Sonderf\u00fchrung \u201e500 Jahre Festungskunst \u2013 Bollwerk, Hexenturm &#038; Festungsgraben\u201c ein.<\/p>\n<p>Der 1511 mit dem Tode des Grafen Ludwig zu Ende gehende Festungsbau war vordergr\u00fcndig eine herrschaftliche Ma\u00dfnahme, doch er hat sich auf das Leben der Bewohner nachhaltig ausgewirkt. Denn die B\u00fcrger waren nun in noch st\u00e4rkerem Ma\u00dfe am Unterhalt der Wehranlagen beteiligt, sie hatten Pf\u00f6rtner und W\u00e4chter zu stellen und wurden in Konfliktzeiten zur Verteidigung aufgeboten. Diesen und anderen Fragen soll bei einem Rundgang durch die Stadt nachgegangen werden.\u00e2\u20ac\u00a8<br \/>\nDer Rundgang beginnt um 14:30 Uhr ab Marktplatz und kostet 5,50 \u00e2\u201a\u00ac f\u00fcr Erwachsene<br \/>\nund 3 \u00e2\u201a\u00ac f\u00fcr Kinder.<br \/>\nKarten bei der Tourist-Information B\u00fcdingen, Marktplatz 9, 63654 B\u00fcdingen, Telefon: 06042-96370, mail@buedingen.info . Mehr Informationen unter: www.buedingen.info .  <\/p>\n","protected":false},"excerpt":{"rendered":"<div class=\"tmnf_excerpt\"><p>In den Gr\u00e4ben ist kein Wasser mehr, aber sonst fast alles noch so wie vor 500 Jahren: B\u00fcdingen darf sich gl\u00fccklich sch\u00e4tzen, eine der am besten erhaltenen Befestigungsanlagen Deutschlands zu besitzen, die wie kaum eine andere f\u00fcr den \u00dcbergang vom Mittelalter zur Neuzeit steht. Am Sonntag, den 18. Juni l\u00e4dt die Tourist-Information zu der Sonderf\u00fchrung &hellip;<\/p>\n<\/div>","protected":false},"author":1,"featured_media":164264,"comment_status":"closed","ping_status":"closed","sticky":false,"template":"","format":"standard","meta":{"footnotes":""},"categories":[1],"tags":[],"class_list":["post-164261","post","type-post","status-publish","format-standard","has-post-thumbnail","hentry","category-startseite"],"_links":{"self":[{"href":"https:\/\/www.fuldaernachrichten.de\/index.php?rest_route=\/wp\/v2\/posts\/164261","targetHints":{"allow":["GET"]}}],"collection":[{"href":"https:\/\/www.fuldaernachrichten.de\/index.php?rest_route=\/wp\/v2\/posts"}],"about":[{"href":"https:\/\/www.fuldaernachrichten.de\/index.php?rest_route=\/wp\/v2\/types\/post"}],"author":[{"embeddable":true,"href":"https:\/\/www.fuldaernachrichten.de\/index.php?rest_route=\/wp\/v2\/users\/1"}],"replies":[{"embeddable":true,"href":"https:\/\/www.fuldaernachrichten.de\/index.php?rest_route=%2Fwp%2Fv2%2Fcomments&post=164261"}],"version-history":[{"count":1,"href":"https:\/\/www.fuldaernachrichten.de\/index.php?rest_route=\/wp\/v2\/posts\/164261\/revisions"}],"predecessor-version":[{"id":164265,"href":"https:\/\/www.fuldaernachrichten.de\/index.php?rest_route=\/wp\/v2\/posts\/164261\/revisions\/164265"}],"wp:featuredmedia":[{"embeddable":true,"href":"https:\/\/www.fuldaernachrichten.de\/index.php?rest_route=\/wp\/v2\/media\/164264"}],"wp:attachment":[{"href":"https:\/\/www.fuldaernachrichten.de\/index.php?rest_route=%2Fwp%2Fv2%2Fmedia&parent=164261"}],"wp:term":[{"taxonomy":"category","embeddable":true,"href":"https:\/\/www.fuldaernachrichten.de\/index.php?rest_route=%2Fwp%2Fv2%2Fcategories&post=164261"},{"taxonomy":"post_tag","embeddable":true,"href":"https:\/\/www.fuldaernachrichten.de\/index.php?rest_route=%2Fwp%2Fv2%2Ftags&post=164261"}],"curies":[{"name":"wp","href":"https:\/\/api.w.org\/{rel}","templated":true}]}}