{"id":16426,"date":"2008-12-15T07:35:09","date_gmt":"2008-12-15T06:35:09","guid":{"rendered":"http:\/\/www.schoene-nachrichten.de\/?p=16426"},"modified":"2008-12-15T08:18:58","modified_gmt":"2008-12-15T07:18:58","slug":"jugendparlamentarier-befassten-sich-mit-den-problemen-behinderter-mitbuerger","status":"publish","type":"post","link":"https:\/\/www.fuldaernachrichten.de\/?p=16426","title":{"rendered":"Jugendparlamentarier befassten sich mit den Problemen behinderter Mitb\u00fcrger"},"content":{"rendered":"<p><a rel=\"lightbox[roadtrip]\" href=\"http:\/\/www.schoene-nachrichten.de\/wp-content\/uploads\/2008\/12\/081211-jugendparlament.jpg\" target=\"_blank\"><img decoding=\"async\" class=\"alignnone size-thumbnail wp-image-16427\" title=\"081211-jugendparlament\" src=\"http:\/\/www.schoene-nachrichten.de\/wp-content\/uploads\/2008\/12\/081211-jugendparlament-265x171.jpg\" alt=\"\" hspace=\"5\" width=\"265\" height=\"171\" align=\"left\" srcset=\"https:\/\/www.fuldaernachrichten.de\/wp-content\/uploads\/2008\/12\/081211-jugendparlament-265x171.jpg 265w, https:\/\/www.fuldaernachrichten.de\/wp-content\/uploads\/2008\/12\/081211-jugendparlament.jpg 600w\" sizes=\"(max-width: 265px) 100vw, 265px\" \/><\/a><strong>Vogelsbergkreis.<\/strong> Vor wenigen Tagen fand die dritte Sitzung des Vogelsberger Kinder \u2013 und Jugendparlaments in Angersbach statt. Zu den Top-Themen z\u00e4hlte unter anderem der Punkt \u201eBarrierefreie Stadt\u201c, eine Aktion, die auf die Bewegungsprobleme von Menschen mit Behinderung hinweisen soll. In vielen St\u00e4dten des Vogelsbergkreises ist es f\u00fcr Rollstuhlfahrer unm\u00f6glich, den B\u00fcrgersteig zu benutzen oder problemlos \u00fcber den Marktplatz zu kommen. Die Auseinandersetzung mit dem Thema soll eine Bewusstseinsver\u00e4nderung der Bev\u00f6lkerung herbeif\u00fchren, um bestehende Hindernisse aus dem Weg zu r\u00e4umen.<!--more--><\/p>\n<p><strong>&#8220;Jupp 21&#8221; f\u00f6rdert Engagement der Jugendlichen<\/strong><\/p>\n<p>Ein weiteres Thema war die Vollversammlung der Landesarbeitsgemeinschaft \u201eJupp 21\u201c, die im November stattfand. Dort trafen sich Abgeordnete des Kinder- und Jugendparlaments mit anderen Jugendlichen verschiedener Beteiligungsprojekte aus Hessen, um \u00fcber Probleme und L\u00f6sungen der eigenen Arbeiten zu diskutieren. Ein derartiger Erfahrungsaustausch unterst\u00fctzt die Arbeiten vor Ort erheblich und bewirkt ein gr\u00f6\u00dferes Engagement bei den Jugendlichen.<\/p>\n<p>Gro\u00dfe Zustimmung fand der geplante Internetauftritt des KJP auf der Internetseite des Vogelsbergkreises. Es wurden viele Vorschl\u00e4ge eingebracht und ausgiebig diskutiert.<\/p>\n<p>Reflektiert wurde auch noch mal die Beteiligung an der Gedenkfeier anl\u00e4sslich der Reichspogromnacht durch die Gestaltung einiger Plakate \u00fcber Straftaten der Neonazis im Vogelsbergkreis. Laut R\u00fcckmeldungen der Besucher war die Plakataktion gelungen. Gemeinsam wurden Ideen gesammelt, was k\u00fcnftig mit den Plakaten passieren soll.<\/p>\n<p><strong>Erfahrungsaustausch mit englischen Jugendlichen<\/strong><\/p>\n<p>Im Weiteren wurde eine Beteiligung an den Pr\u00e4ventionstagen im M\u00e4rz 2009 beschlossen, die an zwei Tagen in der Max-Eyth-Schule sowie in der Albert Schweitzer Schule in Alsfeld stattfinden sollen. Abschlie\u00dfend berichtete die Pressesprecherin, Sarah Wernikowski, \u00fcber einen Erfahrungsaustausch mit Jugendlichen und Mitarbeiter der kommunalen Jugendpflege aus North-Yorkshire in England. Die G\u00e4ste des Evangelischen Dekanats Vogelsberg informierten sich \u00fcber die Arbeit des KJP und nahmen viele positive Eindr\u00fccke mit, die ihnen bei einem Aufbau eines vergleichbaren Beteiligungsprojekts in ihrer Heimatstadt behilflich sein sollen.<\/p>\n<p>Erster Kreisbeigeordneter Gerhard Ruhl, Kreistagsabgeordneter Michael Riese (Linkspartei) sowie die Vertreter des B\u00fcndnisses gegen Rechtsextremismus in Kirtorf, Naumann und Schmidt, lobten das Engagement des Kinder &#8211; und Jugendparlaments und boten den Abgeordneten ihre Zusammenarbeit an.<\/p>\n<p><strong>FOTO:<\/strong><br \/>\nVizelandrat Gerhard Ruhl (vorne rechts) war interessierter Zuh\u00f6rer bei der Tagung des KJP in Angersbach.<\/p>\n","protected":false},"excerpt":{"rendered":"<div class=\"tmnf_excerpt\"><p>Vogelsbergkreis. Vor wenigen Tagen fand die dritte Sitzung des Vogelsberger Kinder \u2013 und Jugendparlaments in Angersbach statt. Zu den Top-Themen z\u00e4hlte unter anderem der Punkt \u201eBarrierefreie Stadt\u201c, eine Aktion, die auf die Bewegungsprobleme von Menschen mit Behinderung hinweisen soll. In vielen St\u00e4dten des Vogelsbergkreises ist es f\u00fcr Rollstuhlfahrer unm\u00f6glich, den B\u00fcrgersteig zu benutzen oder problemlos &hellip;<\/p>\n<\/div>","protected":false},"author":1,"featured_media":0,"comment_status":"closed","ping_status":"closed","sticky":false,"template":"","format":"standard","meta":{"footnotes":""},"categories":[1,72,29],"tags":[],"class_list":["post-16426","post","type-post","status-publish","format-standard","hentry","category-startseite","category-jugend","category-politik"],"_links":{"self":[{"href":"https:\/\/www.fuldaernachrichten.de\/index.php?rest_route=\/wp\/v2\/posts\/16426","targetHints":{"allow":["GET"]}}],"collection":[{"href":"https:\/\/www.fuldaernachrichten.de\/index.php?rest_route=\/wp\/v2\/posts"}],"about":[{"href":"https:\/\/www.fuldaernachrichten.de\/index.php?rest_route=\/wp\/v2\/types\/post"}],"author":[{"embeddable":true,"href":"https:\/\/www.fuldaernachrichten.de\/index.php?rest_route=\/wp\/v2\/users\/1"}],"replies":[{"embeddable":true,"href":"https:\/\/www.fuldaernachrichten.de\/index.php?rest_route=%2Fwp%2Fv2%2Fcomments&post=16426"}],"version-history":[{"count":2,"href":"https:\/\/www.fuldaernachrichten.de\/index.php?rest_route=\/wp\/v2\/posts\/16426\/revisions"}],"predecessor-version":[{"id":17044,"href":"https:\/\/www.fuldaernachrichten.de\/index.php?rest_route=\/wp\/v2\/posts\/16426\/revisions\/17044"}],"wp:attachment":[{"href":"https:\/\/www.fuldaernachrichten.de\/index.php?rest_route=%2Fwp%2Fv2%2Fmedia&parent=16426"}],"wp:term":[{"taxonomy":"category","embeddable":true,"href":"https:\/\/www.fuldaernachrichten.de\/index.php?rest_route=%2Fwp%2Fv2%2Fcategories&post=16426"},{"taxonomy":"post_tag","embeddable":true,"href":"https:\/\/www.fuldaernachrichten.de\/index.php?rest_route=%2Fwp%2Fv2%2Ftags&post=16426"}],"curies":[{"name":"wp","href":"https:\/\/api.w.org\/{rel}","templated":true}]}}