{"id":164237,"date":"2017-06-12T07:54:00","date_gmt":"2017-06-12T05:54:00","guid":{"rendered":"http:\/\/www.fuldaer-nachrichten.de\/?p=164237"},"modified":"2017-06-12T07:54:00","modified_gmt":"2017-06-12T05:54:00","slug":"festival-des-bieres-in-bad-orb-eroeffnet-tolles-ambiente-im-kurpark","status":"publish","type":"post","link":"https:\/\/www.fuldaernachrichten.de\/?p=164237","title":{"rendered":"\u201eFestival des Bieres\u201c in Bad Orb er\u00f6ffnet \u2013 Tolles Ambiente im Kurpark"},"content":{"rendered":"<p>Das Bier l\u00e4uft, die ersten Besucher prosten sich zu, die Stimmung ist gut \u2013 am Freitagmittag wurde offiziell das erste \u201eFestival des Bieres\u201c von Seven Days  in Bad Orb er\u00f6ffnet. Im Kurpark k\u00f6nnen die Besucher bis zum Sonntag in einem gem\u00fctlichen Ambiente verweilen, 44 Biersorten kosten und nebenbei der Live-Musik lauschen. Der Eintritt ist an allen Tagen frei.<\/p>\n<p>Inmitten der Natur im Kurpark haben die Organisatoren eine einzigartige Festmeile geschaffen. Zwischen den B\u00e4umen stehen Tische, drum herum wurden die Getr\u00e4nkest\u00e4nde und ein Foodtruck platziert \u2013 der Genuss von Bier und leckeren Speisen kommt hier nicht zu kurz. Allein 44 Biersorten sind im Ausschank. Vertreten sind die Brauereien Veltins, K\u00f6nig Pilsener, Grevensteiner, RavenKraft, Hohmanns Brauhaus, McM\u00fcllers, Bunkerbr\u00e4u und Franks Getr\u00e4nkewelt. Ob Pils, Hefe, Craft Beer oder auch Bierlik\u00f6r \u2013 f\u00fcr jeden Geschmack ist etwas dabei. Passende Speisen werden von Seven Days selbst serviert. Am Food-Truck bekommen die Besucher Leckereien wie Bayrischer Hot Dog oder Flammkuchen gereicht. Zur Unterhaltung gibt es an allen drei Tagen Live-Musik. Den Auftakt macht am Freitag die Band \u201eFrontal Party Pur\u201c. Am Samstag hat das Festival ab 14 Uhr ge\u00f6ffnet. Ab 19 Uhr spielt die Band \u201eSnow\u201c. Am Sonntag kann bereits ab 11 Uhr beim Fr\u00fchschoppen Bier getrunken werden. Zur Unterhaltung singt Ulli Roth und ab 15 Uhr spielt zum Abschluss die \u201eRh\u00f6ner B\u00f6hmisch-M\u00e4hrische-Blasmusik\u201c.<\/p>\n<p>Traditionell durfte nat\u00fcrlich zum Auftakt am Freitag der Fassbieranstich nicht fehlen. Seven Days Gesch\u00e4ftsf\u00fchrer Florjan Kamberi, der Gesch\u00e4ftsf\u00fchrer der Bad Orb Marketing GmbH, Dr. J\u00f6rg Steinhardt, und Daniel Trapp, Gebietsverkaufsleiter der Brauerei Veltins, er\u00f6ffneten das Fest gemeinsam. Die ersten G\u00e4ste hatten sich auch schon im Kurpark eingefunden und so wurde gleich das erste Bier getrunken. \u201eWir sind froh, dass alles nach Plan gelaufen ist\u201c, sagte Kamberi. Immerhin richte Seven Days das Fest zum ersten Mal aus. Zum Start seien sie etwas vom Regen \u00fcberrascht worden. \u201eDas kann man leider nicht steuern\u201c, meinte Kamberi. Doch mit Blick auf die kommenden Tage spiele auch das Wetter mit. Immerhin sind f\u00fcr Samstag 24 und f\u00fcr Sonntag 30 Grad mit jeder Menge Sonnenschein vorhergesagt. \u201eWir hoffen nun auf viele Besucher\u201c, so der Gesch\u00e4ftsf\u00fchrer. Und eine ganze Menge konnte er gleich am Freitagnachmittag begr\u00fc\u00dfen. Schlie\u00dflich wurden in der Konzerthalle neben 800 Abiturienten verabschiedet, die sich nach der Feier gleich ein Bier im Park g\u00f6nnten.<\/p>\n<p>\u201eWir machen viele Veranstaltungen im Kurpark und in der Konzerthalle\u201c, sagte Steinhardt und f\u00fcgte an: \u201eWir versuchen immer wieder das Veranstaltungsprogramm weiterzuentwickeln.\u201c So seien sie auch von der neuen Idee von Seven Days begeistert gewesen. Jung und Alt k\u00f6nnten hier gemeinsam zusammenkommen. \u201eHier herrscht eine einzigartige Atmosph\u00e4re\u201c, betonte Trapp. Die Brauerei Veltins sei gerne bei solchen Erstveranstaltungen dabei. Er freue sich, dass sie gleich mit zwei St\u00e4nden vertreten sind und unter anderem Grevensteiner-Spezialit\u00e4ten anbieten.<\/p>\n<p>Im Rahmen der Er\u00f6ffnungsfeier wurde auch die erste Bad Orber Bierk\u00f6nigin Oliwia Reszczynska gekr\u00f6nt. Mit Scherpe und Bierglas ausger\u00fcstet, prostete sie den ersten Festg\u00e4sten zu. \u201eIch freue mich auf das Wochenende und bin gespannt was auf mich zukommt\u201c, so die Bierk\u00f6nigin. Sie selbst trinke am liebsten Radler. \u201eIch werde mich aber hier mal durchprobieren\u201c, so Reszczynska. Die Moderation \u00fcbernimmt an dem Wochenende Marcus Lehmann, Leiter des red Sports Fitnessstudios in Fulda. Er f\u00fchrt die Besucher durch das abwechslungsreiche Programm.<\/p>\n","protected":false},"excerpt":{"rendered":"<div class=\"tmnf_excerpt\"><p>Das Bier l\u00e4uft, die ersten Besucher prosten sich zu, die Stimmung ist gut \u2013 am Freitagmittag wurde offiziell das erste \u201eFestival des Bieres\u201c von Seven Days in Bad Orb er\u00f6ffnet. Im Kurpark k\u00f6nnen die Besucher bis zum Sonntag in einem gem\u00fctlichen Ambiente verweilen, 44 Biersorten kosten und nebenbei der Live-Musik lauschen. Der Eintritt ist an &hellip;<\/p>\n<\/div>","protected":false},"author":1,"featured_media":164262,"comment_status":"closed","ping_status":"closed","sticky":false,"template":"","format":"standard","meta":{"footnotes":""},"categories":[1],"tags":[],"class_list":["post-164237","post","type-post","status-publish","format-standard","has-post-thumbnail","hentry","category-startseite"],"_links":{"self":[{"href":"https:\/\/www.fuldaernachrichten.de\/index.php?rest_route=\/wp\/v2\/posts\/164237","targetHints":{"allow":["GET"]}}],"collection":[{"href":"https:\/\/www.fuldaernachrichten.de\/index.php?rest_route=\/wp\/v2\/posts"}],"about":[{"href":"https:\/\/www.fuldaernachrichten.de\/index.php?rest_route=\/wp\/v2\/types\/post"}],"author":[{"embeddable":true,"href":"https:\/\/www.fuldaernachrichten.de\/index.php?rest_route=\/wp\/v2\/users\/1"}],"replies":[{"embeddable":true,"href":"https:\/\/www.fuldaernachrichten.de\/index.php?rest_route=%2Fwp%2Fv2%2Fcomments&post=164237"}],"version-history":[{"count":1,"href":"https:\/\/www.fuldaernachrichten.de\/index.php?rest_route=\/wp\/v2\/posts\/164237\/revisions"}],"predecessor-version":[{"id":164263,"href":"https:\/\/www.fuldaernachrichten.de\/index.php?rest_route=\/wp\/v2\/posts\/164237\/revisions\/164263"}],"wp:featuredmedia":[{"embeddable":true,"href":"https:\/\/www.fuldaernachrichten.de\/index.php?rest_route=\/wp\/v2\/media\/164262"}],"wp:attachment":[{"href":"https:\/\/www.fuldaernachrichten.de\/index.php?rest_route=%2Fwp%2Fv2%2Fmedia&parent=164237"}],"wp:term":[{"taxonomy":"category","embeddable":true,"href":"https:\/\/www.fuldaernachrichten.de\/index.php?rest_route=%2Fwp%2Fv2%2Fcategories&post=164237"},{"taxonomy":"post_tag","embeddable":true,"href":"https:\/\/www.fuldaernachrichten.de\/index.php?rest_route=%2Fwp%2Fv2%2Ftags&post=164237"}],"curies":[{"name":"wp","href":"https:\/\/api.w.org\/{rel}","templated":true}]}}