{"id":164167,"date":"2017-06-08T08:06:50","date_gmt":"2017-06-08T06:06:50","guid":{"rendered":"http:\/\/www.fuldaer-nachrichten.de\/?p=164167"},"modified":"2017-06-08T08:06:50","modified_gmt":"2017-06-08T06:06:50","slug":"e-bike-tankstelle-in-der-loeherstrasse-eroeffnet","status":"publish","type":"post","link":"https:\/\/www.fuldaernachrichten.de\/?p=164167","title":{"rendered":"E-Bike-\u201eTankstelle\u201c in der L\u00f6herstra\u00dfe er\u00f6ffnet"},"content":{"rendered":"<p>Frischer Wind f\u00fcr die Elektromobilit\u00e4t in Fulda und die Attraktivit\u00e4t der L\u00f6herstra\u00dfe: Seit heute gibt dort eine Ladestation f\u00fcr Elektrofahrr\u00e4der. Es ist die vierte von der Rh\u00f6n-Energie betriebene E-Bike-\u201eTankstelle\u201c in der Fuldaer Innenstadt &#8211; neben Stationen am Stadtschloss (B\u00fcrgerb\u00fcro), am Rh\u00f6n-Energie-Kundenzentrum (Bahnhofstra\u00dfe) und am Rewe-Markt in der Dalbergstra\u00dfe. <\/p>\n<p>Den Ansto\u00df f\u00fcr Installation der S\u00e4ule gab die Interessengemeinschaft (IG) L\u00f6herstra\u00dfe, die das Projekt beim hessischen F\u00f6rderprogramm \u201eAb in die Mitte\u201c anmeldete und jetzt in Kooperation mit der Stadt Fulda (Amt f\u00fcr Stadtmarketing) und dem regionalen Energieversorger Rh\u00f6n-Energie verwirklichte. Fuldas Oberb\u00fcrgermeister Dr. Heiko Wingenfeld lobte bei der kleinen Feier zur Er\u00f6ffnung der Ladestation das Engagement der IG L\u00f6herstra\u00dfe und deren \u201etolle Ideen f\u00fcr die Nachhaltigkeit\u201c. Er zeigte sich \u00fcberzeugt, dass das Thema E-Mobilit\u00e4t in den kommenden Jahren an Bedeutung gewinnen werde. \u201eIch lade alle Nutzer dazu ein, mit Hilfe der Ladestation mobil zu sein \u2013 aber gleichzeitig auch im besonderen Flair der L\u00f6herstra\u00dfe zu verweilen\u201c, so Wingenfeld. Das Projekt sei eine gl\u00fcckliche Verbindung des Bewusstseins f\u00fcr Nachhaltigkeit mit der Steigerung der Aufenthaltsqualit\u00e4t in der Stra\u00dfe. <\/p>\n<p>Rh\u00f6n-Energie-Gesch\u00e4ftsf\u00fchrer Martin Heun zeigte anhand der Verkaufszahlen von Elektrofahrr\u00e4dern die wachsende Bedeutung der Elektromobilit\u00e4t f\u00fcr alle Generationen auf betonte die Notwendigkeit, dass die Auflade-Infrastruktur mit der Entwicklung Schritt halte. Mit einem Augenzwinkern verwies er darauf, dass die Rh\u00f6n-Energie ja k\u00fcnftig auch ihren Hauptsitz in die N\u00e4he der neuen E-Bike-Tankstelle verlagern werde. F\u00fcr die IG L\u00f6herstra\u00dfe dankten Thorsten Mager und Clemens B\u00f6cher allen Beteiligten f\u00fcr die gute Zusammenarbeit und gaben ihrer Hoffnung Ausdruck, dass die neue Ladestation auch zur Belebung des Quartiers beitragen m\u00f6ge. Wolfgang Klose von der IG L\u00f6herstra\u00dfe hatte zur Feier des Tages sogar eigens ein kleines Gedicht auf die E-Mobilit\u00e4t verfasst.<br \/>\nHintergrund: Elektrofahrr\u00e4der sind im Trend, immer mehr Menschen sind mit Elektrofahrr\u00e4dern unterwegs. Mit den entsprechenden Ladestationen bietet Fulda seinen B\u00fcrgern und G\u00e4sten den Service, die Akkus kostenfrei zu laden. E-Bike-Ladestationen sollen den E-Mobilit\u00e4tsgedanken in der Stadt verfestigen und der Anfang einer E-Infrastruktur sein. Schl\u00fcssel f\u00fcr die abschlie\u00dfbaren Steckdosenf\u00e4cher an der Ladestation werden die Nutzer k\u00fcnftig in diversen umliegenden Gesch\u00e4ften und Lokalen in der L\u00f6herstra\u00dfe erhalten.<\/p>\n","protected":false},"excerpt":{"rendered":"<div class=\"tmnf_excerpt\"><p>Frischer Wind f\u00fcr die Elektromobilit\u00e4t in Fulda und die Attraktivit\u00e4t der L\u00f6herstra\u00dfe: Seit heute gibt dort eine Ladestation f\u00fcr Elektrofahrr\u00e4der. Es ist die vierte von der Rh\u00f6n-Energie betriebene E-Bike-\u201eTankstelle\u201c in der Fuldaer Innenstadt &#8211; neben Stationen am Stadtschloss (B\u00fcrgerb\u00fcro), am Rh\u00f6n-Energie-Kundenzentrum (Bahnhofstra\u00dfe) und am Rewe-Markt in der Dalbergstra\u00dfe. Den Ansto\u00df f\u00fcr Installation der S\u00e4ule gab &hellip;<\/p>\n<\/div>","protected":false},"author":1,"featured_media":164171,"comment_status":"closed","ping_status":"closed","sticky":false,"template":"","format":"standard","meta":{"footnotes":""},"categories":[1],"tags":[],"class_list":["post-164167","post","type-post","status-publish","format-standard","has-post-thumbnail","hentry","category-startseite"],"_links":{"self":[{"href":"https:\/\/www.fuldaernachrichten.de\/index.php?rest_route=\/wp\/v2\/posts\/164167","targetHints":{"allow":["GET"]}}],"collection":[{"href":"https:\/\/www.fuldaernachrichten.de\/index.php?rest_route=\/wp\/v2\/posts"}],"about":[{"href":"https:\/\/www.fuldaernachrichten.de\/index.php?rest_route=\/wp\/v2\/types\/post"}],"author":[{"embeddable":true,"href":"https:\/\/www.fuldaernachrichten.de\/index.php?rest_route=\/wp\/v2\/users\/1"}],"replies":[{"embeddable":true,"href":"https:\/\/www.fuldaernachrichten.de\/index.php?rest_route=%2Fwp%2Fv2%2Fcomments&post=164167"}],"version-history":[{"count":1,"href":"https:\/\/www.fuldaernachrichten.de\/index.php?rest_route=\/wp\/v2\/posts\/164167\/revisions"}],"predecessor-version":[{"id":164172,"href":"https:\/\/www.fuldaernachrichten.de\/index.php?rest_route=\/wp\/v2\/posts\/164167\/revisions\/164172"}],"wp:featuredmedia":[{"embeddable":true,"href":"https:\/\/www.fuldaernachrichten.de\/index.php?rest_route=\/wp\/v2\/media\/164171"}],"wp:attachment":[{"href":"https:\/\/www.fuldaernachrichten.de\/index.php?rest_route=%2Fwp%2Fv2%2Fmedia&parent=164167"}],"wp:term":[{"taxonomy":"category","embeddable":true,"href":"https:\/\/www.fuldaernachrichten.de\/index.php?rest_route=%2Fwp%2Fv2%2Fcategories&post=164167"},{"taxonomy":"post_tag","embeddable":true,"href":"https:\/\/www.fuldaernachrichten.de\/index.php?rest_route=%2Fwp%2Fv2%2Ftags&post=164167"}],"curies":[{"name":"wp","href":"https:\/\/api.w.org\/{rel}","templated":true}]}}