{"id":164155,"date":"2017-06-08T08:03:45","date_gmt":"2017-06-08T06:03:45","guid":{"rendered":"http:\/\/www.fuldaer-nachrichten.de\/?p=164155"},"modified":"2017-06-08T08:03:45","modified_gmt":"2017-06-08T06:03:45","slug":"wir-brauchen-mehr-als-einen-grundwortschatz-naemlich-zeit-zum-ueben-und-wiederholen","status":"publish","type":"post","link":"https:\/\/www.fuldaernachrichten.de\/?p=164155","title":{"rendered":"\u201eWir brauchen mehr als einen Grundwortschatz, n\u00e4mlich Zeit zum \u00dcben und Wiederholen\u201c"},"content":{"rendered":"<p>Mit dem Grundwortschatz sollen die Lehrerinnen und Lehrer bei der Vermittlung von Rechtschreibkompetenzen unterst\u00fctzt werden und eine einheitliche Grundlage f\u00fcr den Unterricht an die Hand bekommen. Alleine dadurch werden Sch\u00fclerinnen und Sch\u00fcler aber noch keine besseren Rechtschreiber, stellt Stefan Wesselmann, Landesvorsitzender des Verbands Bildung und Erziehung (VBE) Hessen, klar: \u201eWir brauchen mehr als einen Grundwort-schatz, n\u00e4mlich mehr Zeit zum \u00dcben und Wiederholen.\u201c<\/p>\n<p>Diese Zeit fehle allerdings, weil die Lehrkr\u00e4fte zu viele Aufgaben (wie Inklusion und Integration) gleichzeitig stemmen m\u00fcssen und b\u00fcrokratische Pflichten und Erziehungsarbeit st\u00e4ndig zunehmen. Zudem steige seit Jahren der Anteil jener Kinder, deren Sprachverm\u00f6gen zum Zeitpunkt der Einschulung noch unterentwickelt ist. \u201eMehr Deutsch-Stunden w\u00e4ren f\u00fcr die Schl\u00fcsselqualifikationen Lesen und Schreiben elementar. Und mit Blick auf die steigende Heterogenit\u00e4t in den Klassen sind Doppelbesetzungen und multiprofessionelle Teams dringend notwendig\u201c, sagt der Landesvorsitzende Wesselmann.<\/p>\n<p>So wichtig die Wortschatzarbeit ist \u2013 neu ist sie keineswegs. \u201eViele Grund-schulen nutzen im Fach Deutsch Lehrwerke, mit deren Hilfe ein Grund-wortschatz aufgebaut wird. Dieser ist von Fachleuten entwickelt worden und sicher ebenso exemplarisch wie der des Kultusministeriums.\u201c F\u00fcr Kolleginnen und Kollegen, die ohne Lehrwerk arbeiten und sich daher den Grundwortschatz selbst zusammenstellen, k\u00f6nne die Initiative aus HKM nat\u00fcrlich eine Unterst\u00fctzung bedeuten.<\/p>\n","protected":false},"excerpt":{"rendered":"<div class=\"tmnf_excerpt\"><p>Mit dem Grundwortschatz sollen die Lehrerinnen und Lehrer bei der Vermittlung von Rechtschreibkompetenzen unterst\u00fctzt werden und eine einheitliche Grundlage f\u00fcr den Unterricht an die Hand bekommen. Alleine dadurch werden Sch\u00fclerinnen und Sch\u00fcler aber noch keine besseren Rechtschreiber, stellt Stefan Wesselmann, Landesvorsitzender des Verbands Bildung und Erziehung (VBE) Hessen, klar: \u201eWir brauchen mehr als einen Grundwort-schatz, &hellip;<\/p>\n<\/div>","protected":false},"author":1,"featured_media":0,"comment_status":"closed","ping_status":"closed","sticky":false,"template":"","format":"standard","meta":{"footnotes":""},"categories":[1],"tags":[],"class_list":["post-164155","post","type-post","status-publish","format-standard","hentry","category-startseite"],"_links":{"self":[{"href":"https:\/\/www.fuldaernachrichten.de\/index.php?rest_route=\/wp\/v2\/posts\/164155","targetHints":{"allow":["GET"]}}],"collection":[{"href":"https:\/\/www.fuldaernachrichten.de\/index.php?rest_route=\/wp\/v2\/posts"}],"about":[{"href":"https:\/\/www.fuldaernachrichten.de\/index.php?rest_route=\/wp\/v2\/types\/post"}],"author":[{"embeddable":true,"href":"https:\/\/www.fuldaernachrichten.de\/index.php?rest_route=\/wp\/v2\/users\/1"}],"replies":[{"embeddable":true,"href":"https:\/\/www.fuldaernachrichten.de\/index.php?rest_route=%2Fwp%2Fv2%2Fcomments&post=164155"}],"version-history":[{"count":1,"href":"https:\/\/www.fuldaernachrichten.de\/index.php?rest_route=\/wp\/v2\/posts\/164155\/revisions"}],"predecessor-version":[{"id":164159,"href":"https:\/\/www.fuldaernachrichten.de\/index.php?rest_route=\/wp\/v2\/posts\/164155\/revisions\/164159"}],"wp:attachment":[{"href":"https:\/\/www.fuldaernachrichten.de\/index.php?rest_route=%2Fwp%2Fv2%2Fmedia&parent=164155"}],"wp:term":[{"taxonomy":"category","embeddable":true,"href":"https:\/\/www.fuldaernachrichten.de\/index.php?rest_route=%2Fwp%2Fv2%2Fcategories&post=164155"},{"taxonomy":"post_tag","embeddable":true,"href":"https:\/\/www.fuldaernachrichten.de\/index.php?rest_route=%2Fwp%2Fv2%2Ftags&post=164155"}],"curies":[{"name":"wp","href":"https:\/\/api.w.org\/{rel}","templated":true}]}}