{"id":164089,"date":"2017-06-07T07:56:25","date_gmt":"2017-06-07T05:56:25","guid":{"rendered":"http:\/\/www.fuldaer-nachrichten.de\/?p=164089"},"modified":"2017-06-07T07:56:25","modified_gmt":"2017-06-07T05:56:25","slug":"kalktriften-hecken-und-waelder-am-arnsberg","status":"publish","type":"post","link":"https:\/\/www.fuldaernachrichten.de\/?p=164089","title":{"rendered":"Kalktriften, Hecken und W\u00e4lder  am Arnsberg"},"content":{"rendered":"<p>Zu einer ornithologisch-naturkundlichen Exkursion zum Arnsberg in der Bayerischen Rh\u00f6n l\u00e4dt die St\u00e4dtische Volkshochschule f\u00fcr Donnerstag, den 8.Juni 2017 ein. Der Arnsberg mit seinen naturnahen W\u00e4ldern, Wiesen und Hecken ist Lebensraum zahlreicher Vogelarten wie Neunt\u00f6ter, Waldlaubs\u00e4nger und Schwarzspecht. Vom Arnsberg aus lassen sich weite Teile der Rh\u00f6n \u00fcberblicken. Treffpunkt ist um 10.00 Uhr an der Kirche in Oberwei\u00dfenbrunn. Die Wegstrecke der Rundwanderung betr\u00e4gt rund sieben Kilometer. Festes Schuhwerk ist erforderlich.<\/p>\n","protected":false},"excerpt":{"rendered":"<div class=\"tmnf_excerpt\"><p>Zu einer ornithologisch-naturkundlichen Exkursion zum Arnsberg in der Bayerischen Rh\u00f6n l\u00e4dt die St\u00e4dtische Volkshochschule f\u00fcr Donnerstag, den 8.Juni 2017 ein. Der Arnsberg mit seinen naturnahen W\u00e4ldern, Wiesen und Hecken ist Lebensraum zahlreicher Vogelarten wie Neunt\u00f6ter, Waldlaubs\u00e4nger und Schwarzspecht. Vom Arnsberg aus lassen sich weite Teile der Rh\u00f6n \u00fcberblicken. Treffpunkt ist um 10.00 Uhr an der &hellip;<\/p>\n<\/div>","protected":false},"author":1,"featured_media":0,"comment_status":"closed","ping_status":"closed","sticky":false,"template":"","format":"standard","meta":{"footnotes":""},"categories":[1],"tags":[],"class_list":["post-164089","post","type-post","status-publish","format-standard","hentry","category-startseite"],"_links":{"self":[{"href":"https:\/\/www.fuldaernachrichten.de\/index.php?rest_route=\/wp\/v2\/posts\/164089","targetHints":{"allow":["GET"]}}],"collection":[{"href":"https:\/\/www.fuldaernachrichten.de\/index.php?rest_route=\/wp\/v2\/posts"}],"about":[{"href":"https:\/\/www.fuldaernachrichten.de\/index.php?rest_route=\/wp\/v2\/types\/post"}],"author":[{"embeddable":true,"href":"https:\/\/www.fuldaernachrichten.de\/index.php?rest_route=\/wp\/v2\/users\/1"}],"replies":[{"embeddable":true,"href":"https:\/\/www.fuldaernachrichten.de\/index.php?rest_route=%2Fwp%2Fv2%2Fcomments&post=164089"}],"version-history":[{"count":1,"href":"https:\/\/www.fuldaernachrichten.de\/index.php?rest_route=\/wp\/v2\/posts\/164089\/revisions"}],"predecessor-version":[{"id":164104,"href":"https:\/\/www.fuldaernachrichten.de\/index.php?rest_route=\/wp\/v2\/posts\/164089\/revisions\/164104"}],"wp:attachment":[{"href":"https:\/\/www.fuldaernachrichten.de\/index.php?rest_route=%2Fwp%2Fv2%2Fmedia&parent=164089"}],"wp:term":[{"taxonomy":"category","embeddable":true,"href":"https:\/\/www.fuldaernachrichten.de\/index.php?rest_route=%2Fwp%2Fv2%2Fcategories&post=164089"},{"taxonomy":"post_tag","embeddable":true,"href":"https:\/\/www.fuldaernachrichten.de\/index.php?rest_route=%2Fwp%2Fv2%2Ftags&post=164089"}],"curies":[{"name":"wp","href":"https:\/\/api.w.org\/{rel}","templated":true}]}}