{"id":164078,"date":"2017-06-07T07:53:11","date_gmt":"2017-06-07T05:53:11","guid":{"rendered":"http:\/\/www.fuldaer-nachrichten.de\/?p=164078"},"modified":"2017-06-07T07:53:11","modified_gmt":"2017-06-07T05:53:11","slug":"gelungene-kindermatinee-der-staedtischen-musikschule","status":"publish","type":"post","link":"https:\/\/www.fuldaernachrichten.de\/?p=164078","title":{"rendered":"Gelungene Kindermatin\u00e9e der st\u00e4dtischen Musikschule"},"content":{"rendered":"<p><a href=\"http:\/\/www.fuldaer-nachrichten.de\/wp-content\/uploads\/2017\/06\/Teresa-Kre\u00df_1.jpg\"><img decoding=\"async\" src=\"http:\/\/www.fuldaer-nachrichten.de\/wp-content\/uploads\/2017\/06\/Teresa-Kre\u00df_1-265x175.jpg\" alt=\"\" width=\"265\" height=\"175\" class=\"alignleft size-thumbnail wp-image-164086\" \/><\/a>\u201eKinder musizieren f\u00fcr Kinder\u201c war das Motto eines einst\u00fcndigen Konzerts der Musikschule der Stadt Fulda. Zahlreiche Zuh\u00f6rer waren der Einladung in die Aula der Alten Universit\u00e4t gefolgt und erlebten eine abwechslungsreiche, von ansteckender Spielfreude gepr\u00e4gte Matin\u00e9e mit vielen \u00fcberzeugenden Beitr\u00e4gen. <\/p>\n<p>Begeistert sangen die Kinder der Musikalischen Fr\u00fcherziehung zwei Lieder und begleiteten sich selbst auf dem Glockenspiel. Gut ausgearbeitet waren die Solobeitr\u00e4ge der insgesamt sieben jungen Pianistinnen und Pianisten. Die erst f\u00fcnfj\u00e4hrige Teresa Kre\u00df \u00fcberzeugte durch ein sicher vorgetragenes tschechisches Volkslied. Ausdrucksvoll trug Aliyah Strauch \u201eEin M\u00e4rchen\u201c von Sergej Prokofjew vor. Souver\u00e4n bew\u00e4ltigte Konrad Kaffanke die flinken L\u00e4ufe in den \u201eVariationen \u00fcber ein Thema von Paganini\u201c von Isaak Berkowitsch. Mit differenzierter Artikulation brachte Nikolai Geras einen Satz aus einer Sonatine von Friedrich Kuhlau zu Geh\u00f6r. Julia Sch\u00e4fer erfreute das Publikum mit dem \u201eWilden Reiter\u201c von Robert Schumann und \u201eSpiel\u201c von B\u00e9la Bart\u00c3\u00b3k. In \u201eRegen\u201c von Viktor Kossenko \u00fcberzeugte Erik Oldenburg durch sein klanglich fein abgestuftes Spiel. Eileen Tolsdorf zeigte sich dem \u201eRondo alla turca\u201c von Wolfgang Amadeus Mozart technisch und klanglich gleicherma\u00dfen gewachsen und erntete zu Recht gro\u00dfen Beifall.<\/p>\n<p>Hinter diesen Leistungen standen die der jungen Streicher und Bl\u00e4ser nicht zur\u00fcck: Mit sicherem Strich und guter Intonation trug Johann Reichard (Violine), am Klavier begleitet von seiner Schwester Clara, die \u201eTaube\u201c von Iosif Ivanovici vor. Ein Streichquartett mit Johann und Clara Reichard, Jana Wierlacher und Jana Gro\u00df \u00fcberzeugte in zwei Arrangements von Sheila Nelson durch perfektes Zusammenspiel. Nach nur einem halben Jahr Unterricht spielte Katharina Hoos (Querfl\u00f6te) mit sch\u00f6nem Klang einen Tanz von Claude Gervais. Martha Tsamaltoupis (Violine) erfreute das Publikum in \u201eBabuschka tanzt\u201c von Andrea Holzer-Rhomberg durch t\u00e4nzerischen Schwung. Mit singendem Ton trugen Clara Dahlmann (Querfl\u00f6te) und ihre Schwester Hannah ein Albumblatt von Emil Kronke vor. Johanna Schilde (Violine) und Julia Sch\u00e4fer (Klavier) verstanden sich gut in einem \u201eT\u00fcrkischen Marsch\u201c von Ludwig van Beethoven, den sie mit lebendiger Artikulation zu Geh\u00f6r brachten. Anschlie\u00dfend spielte Johanna Schilde allein auf ihrer Kindervioline einen Rigaudon von Jean Philippe Rameau \u2013 da wurde es ganz still in der Aula. Julia Scholz (Violine) gefiel, am Klavier begleitet von ihrer Mutter, in einer lebhaft gespielten Fanfare von Michel Corrette. Jakob Richter (Horn) bereicherte das Konzert mit der klangsch\u00f6n vorgetragenen Romance in Es-Dur von Camille Saint-Sa\u00c3\u00abns. Marina Gajda begleitete ihn am Klavier. Als versierter Trompeter erwies sich Gero Pfaff, der mit strahlendem Klang und guter Intonation den \u201eOccasional March\u201c von Georg Friedrich H\u00e4ndel spielte. Das Konzert endete mit dem Auftritt des Trompetenensembles \u201eTrombi Crescendo\u201c, das mit gro\u00dfer Spielfreude zwei Titel von Andrew Lloyd Webber und Christian Bruhn pr\u00e4sentierte.<\/p>\n","protected":false},"excerpt":{"rendered":"<div class=\"tmnf_excerpt\"><p>\u201eKinder musizieren f\u00fcr Kinder\u201c war das Motto eines einst\u00fcndigen Konzerts der Musikschule der Stadt Fulda. Zahlreiche Zuh\u00f6rer waren der Einladung in die Aula der Alten Universit\u00e4t gefolgt und erlebten eine abwechslungsreiche, von ansteckender Spielfreude gepr\u00e4gte Matin\u00e9e mit vielen \u00fcberzeugenden Beitr\u00e4gen. Begeistert sangen die Kinder der Musikalischen Fr\u00fcherziehung zwei Lieder und begleiteten sich selbst auf dem &hellip;<\/p>\n<\/div>","protected":false},"author":1,"featured_media":164085,"comment_status":"closed","ping_status":"closed","sticky":false,"template":"","format":"standard","meta":{"footnotes":""},"categories":[1],"tags":[],"class_list":["post-164078","post","type-post","status-publish","format-standard","has-post-thumbnail","hentry","category-startseite"],"_links":{"self":[{"href":"https:\/\/www.fuldaernachrichten.de\/index.php?rest_route=\/wp\/v2\/posts\/164078","targetHints":{"allow":["GET"]}}],"collection":[{"href":"https:\/\/www.fuldaernachrichten.de\/index.php?rest_route=\/wp\/v2\/posts"}],"about":[{"href":"https:\/\/www.fuldaernachrichten.de\/index.php?rest_route=\/wp\/v2\/types\/post"}],"author":[{"embeddable":true,"href":"https:\/\/www.fuldaernachrichten.de\/index.php?rest_route=\/wp\/v2\/users\/1"}],"replies":[{"embeddable":true,"href":"https:\/\/www.fuldaernachrichten.de\/index.php?rest_route=%2Fwp%2Fv2%2Fcomments&post=164078"}],"version-history":[{"count":1,"href":"https:\/\/www.fuldaernachrichten.de\/index.php?rest_route=\/wp\/v2\/posts\/164078\/revisions"}],"predecessor-version":[{"id":164087,"href":"https:\/\/www.fuldaernachrichten.de\/index.php?rest_route=\/wp\/v2\/posts\/164078\/revisions\/164087"}],"wp:featuredmedia":[{"embeddable":true,"href":"https:\/\/www.fuldaernachrichten.de\/index.php?rest_route=\/wp\/v2\/media\/164085"}],"wp:attachment":[{"href":"https:\/\/www.fuldaernachrichten.de\/index.php?rest_route=%2Fwp%2Fv2%2Fmedia&parent=164078"}],"wp:term":[{"taxonomy":"category","embeddable":true,"href":"https:\/\/www.fuldaernachrichten.de\/index.php?rest_route=%2Fwp%2Fv2%2Fcategories&post=164078"},{"taxonomy":"post_tag","embeddable":true,"href":"https:\/\/www.fuldaernachrichten.de\/index.php?rest_route=%2Fwp%2Fv2%2Ftags&post=164078"}],"curies":[{"name":"wp","href":"https:\/\/api.w.org\/{rel}","templated":true}]}}