{"id":164062,"date":"2017-06-07T07:51:31","date_gmt":"2017-06-07T05:51:31","guid":{"rendered":"http:\/\/www.fuldaer-nachrichten.de\/?p=164062"},"modified":"2017-06-07T07:51:31","modified_gmt":"2017-06-07T05:51:31","slug":"fachtagung-der-arbeitsgemeinschaft-bauernhof-als-klassenzimmer-am-donnerstag-22-juni-im-morgensternhaus","status":"publish","type":"post","link":"https:\/\/www.fuldaernachrichten.de\/?p=164062","title":{"rendered":"Fachtagung der Arbeitsgemeinschaft \u201eBauernhof als Klassenzimmer\u201c am Donnerstag, 22. Juni, im Morgensternhaus"},"content":{"rendered":"<p><a href=\"http:\/\/www.fuldaer-nachrichten.de\/wp-content\/uploads\/2017\/06\/283-Fachtagung-Tierwohl2.jpg\"><img fetchpriority=\"high\" decoding=\"async\" src=\"http:\/\/www.fuldaer-nachrichten.de\/wp-content\/uploads\/2017\/06\/283-Fachtagung-Tierwohl2-265x353.jpg\" alt=\"\" width=\"265\" height=\"353\" class=\"alignleft size-thumbnail wp-image-164075\" srcset=\"https:\/\/www.fuldaernachrichten.de\/wp-content\/uploads\/2017\/06\/283-Fachtagung-Tierwohl2-265x353.jpg 265w, https:\/\/www.fuldaernachrichten.de\/wp-content\/uploads\/2017\/06\/283-Fachtagung-Tierwohl2-199x265.jpg 199w, https:\/\/www.fuldaernachrichten.de\/wp-content\/uploads\/2017\/06\/283-Fachtagung-Tierwohl2-768x1024.jpg 768w, https:\/\/www.fuldaernachrichten.de\/wp-content\/uploads\/2017\/06\/283-Fachtagung-Tierwohl2-450x600.jpg 450w, https:\/\/www.fuldaernachrichten.de\/wp-content\/uploads\/2017\/06\/283-Fachtagung-Tierwohl2.jpg 900w\" sizes=\"(max-width: 265px) 100vw, 265px\" \/><\/a>Im Bewusstsein der Verbraucher gewinnt die artgerechte Haltung von Nutztieren eine immer gr\u00f6\u00dfere Bedeutung. Auch Kaufentscheidungen werden zunehmend davon beeinflusst. Bei einer Fachtagung der Arbeitsgruppe \u201eBauernhof als Klassenzimmer\u201c in Fulda soll das Thema Tierwohl aus verschiedenen Blickwinkeln beleuchtet, Einblick in unterschiedlich wirtschaftende Betriebe gewonnen und insbesondere der Dialog zwischen Landwirtschaft und Bildung gef\u00f6rdert werden. <\/p>\n<p>Die Veranstaltung findet am Donnerstag, 22. Juni, von 8.30 bis 17 Uhr im Morgensternhaus, Gerloser Weg 70, in Fulda statt und wendet sich in erster Linie an Lehrkr\u00e4fte und Erzieher\/-innen. Neben Fachvortr\u00e4gen und Besichtigungen von konventionell und \u00f6kologisch wirtschaftenden Betrieben geht es vor allem um die konkrete Einbindung des Themas in Schule und Kindertagesst\u00e4tten. Veranstalter ist die Arbeitsgruppe \u201eBauernhof als Klassenzimmer\u201c, die vom Hessischen Ministerium f\u00fcr Umwelt, Klimaschutz, Landwirtschaft und Verbraucherschutz, dem Hessischen Kulturministerium sowie dem Hessischen Bauernverband getragen wird und der auch der Landkreis Fulda angeh\u00f6rt. <\/p>\n<p><a href=\"http:\/\/www.fuldaer-nachrichten.de\/wp-content\/uploads\/2017\/06\/283-Fachtagung-Tierwohl3.jpg\"><img decoding=\"async\" src=\"http:\/\/www.fuldaer-nachrichten.de\/wp-content\/uploads\/2017\/06\/283-Fachtagung-Tierwohl3-265x198.jpg\" alt=\"\" width=\"265\" height=\"198\" class=\"alignleft size-thumbnail wp-image-164076\" srcset=\"https:\/\/www.fuldaernachrichten.de\/wp-content\/uploads\/2017\/06\/283-Fachtagung-Tierwohl3-265x198.jpg 265w, https:\/\/www.fuldaernachrichten.de\/wp-content\/uploads\/2017\/06\/283-Fachtagung-Tierwohl3-768x573.jpg 768w, https:\/\/www.fuldaernachrichten.de\/wp-content\/uploads\/2017\/06\/283-Fachtagung-Tierwohl3-600x448.jpg 600w, https:\/\/www.fuldaernachrichten.de\/wp-content\/uploads\/2017\/06\/283-Fachtagung-Tierwohl3.jpg 880w\" sizes=\"(max-width: 265px) 100vw, 265px\" \/><\/a>Die Fachvortr\u00e4ge und Diskussionsrunden finden unter der Moderation des Agrarwissenschaftlers Professor Dr. Hermann Schlagheck, der viele Jahre im Bundeslandwirtschaftsministerium t\u00e4tig war, am Vormittag statt. Dabei kommen der Pr\u00e4sident des Hessischen Bauernverbandes, Karsten Schmal, Vertreter der Vereinigung \u00d6kologischer Landbau Hessen und der beiden Ministerien, ein Landwirt, eine Amtstier\u00e4rztin aus dem Wetteraukreis, Bernhard Sitzmann von der Jahnschule in H\u00fcnfeld und eine Bildungswissenschaftlerin zu Wort. Auch besteht Gelegenheit, einen Markt der M\u00f6glichkeiten mit Informationsst\u00e4nden von Akteuren im Bereich Landwirtschaft und Bildung zu besuchen.<\/p>\n<p>Am Nachmittag werden gruppenweise jeweils ein konventionell und ein \u00f6kologisch bewirtschafteter Betrieb mit Milchvieh- und\/oder Legehennenhaltung beziehungsweise Schweinemast besichtigt. An den Betriebsbesichtigungen beteiligen sich der Biohof Hillenbrand der Familie Hillenbrand in Fulda-Lehnerz, die FFW Milch KG der Familien Funk und Will in H\u00fcnfeld-R\u00fcckers, der Krotehof der Familie Faust in Gro\u00dfenl\u00fcder-M\u00fcs, der Landhof K\u00f6mpel der Familie K\u00f6mpel in Gro\u00dfenl\u00fcder sowie der Milchhof H\u00fcgel der Familie H\u00fcgel in Fulda-Edelzell. Um 16 Uhr findet eine Abschlussdiskussion mit den Referentinnen und Referenten sowie den Betriebsleitern im Morgensternhaus statt.<\/p>\n<p>Kontakt<br \/>\nInteressenten f\u00fcr die Fachtagung \u201eLandwirtschaft und Bildung im Dialog \u2013 Spannungsfeld Tierwohl\u201c k\u00f6nnen sich bis zum 9. Juni unter bak@umwelt.hessen.de anmelden.<\/p>\n","protected":false},"excerpt":{"rendered":"<div class=\"tmnf_excerpt\"><p>Im Bewusstsein der Verbraucher gewinnt die artgerechte Haltung von Nutztieren eine immer gr\u00f6\u00dfere Bedeutung. Auch Kaufentscheidungen werden zunehmend davon beeinflusst. Bei einer Fachtagung der Arbeitsgruppe \u201eBauernhof als Klassenzimmer\u201c in Fulda soll das Thema Tierwohl aus verschiedenen Blickwinkeln beleuchtet, Einblick in unterschiedlich wirtschaftende Betriebe gewonnen und insbesondere der Dialog zwischen Landwirtschaft und Bildung gef\u00f6rdert werden. Die &hellip;<\/p>\n<\/div>","protected":false},"author":1,"featured_media":164074,"comment_status":"closed","ping_status":"closed","sticky":false,"template":"","format":"standard","meta":{"footnotes":""},"categories":[1],"tags":[],"class_list":["post-164062","post","type-post","status-publish","format-standard","has-post-thumbnail","hentry","category-startseite"],"_links":{"self":[{"href":"https:\/\/www.fuldaernachrichten.de\/index.php?rest_route=\/wp\/v2\/posts\/164062","targetHints":{"allow":["GET"]}}],"collection":[{"href":"https:\/\/www.fuldaernachrichten.de\/index.php?rest_route=\/wp\/v2\/posts"}],"about":[{"href":"https:\/\/www.fuldaernachrichten.de\/index.php?rest_route=\/wp\/v2\/types\/post"}],"author":[{"embeddable":true,"href":"https:\/\/www.fuldaernachrichten.de\/index.php?rest_route=\/wp\/v2\/users\/1"}],"replies":[{"embeddable":true,"href":"https:\/\/www.fuldaernachrichten.de\/index.php?rest_route=%2Fwp%2Fv2%2Fcomments&post=164062"}],"version-history":[{"count":1,"href":"https:\/\/www.fuldaernachrichten.de\/index.php?rest_route=\/wp\/v2\/posts\/164062\/revisions"}],"predecessor-version":[{"id":164077,"href":"https:\/\/www.fuldaernachrichten.de\/index.php?rest_route=\/wp\/v2\/posts\/164062\/revisions\/164077"}],"wp:featuredmedia":[{"embeddable":true,"href":"https:\/\/www.fuldaernachrichten.de\/index.php?rest_route=\/wp\/v2\/media\/164074"}],"wp:attachment":[{"href":"https:\/\/www.fuldaernachrichten.de\/index.php?rest_route=%2Fwp%2Fv2%2Fmedia&parent=164062"}],"wp:term":[{"taxonomy":"category","embeddable":true,"href":"https:\/\/www.fuldaernachrichten.de\/index.php?rest_route=%2Fwp%2Fv2%2Fcategories&post=164062"},{"taxonomy":"post_tag","embeddable":true,"href":"https:\/\/www.fuldaernachrichten.de\/index.php?rest_route=%2Fwp%2Fv2%2Ftags&post=164062"}],"curies":[{"name":"wp","href":"https:\/\/api.w.org\/{rel}","templated":true}]}}