{"id":164059,"date":"2017-06-07T07:48:39","date_gmt":"2017-06-07T05:48:39","guid":{"rendered":"http:\/\/www.fuldaer-nachrichten.de\/?p=164059"},"modified":"2017-06-07T07:48:39","modified_gmt":"2017-06-07T05:48:39","slug":"altbuecherbasar-kuenzell-8","status":"publish","type":"post","link":"https:\/\/www.fuldaernachrichten.de\/?p=164059","title":{"rendered":"Altb\u00fccherbasar K\u00fcnzell"},"content":{"rendered":"<p>Zum Altb\u00fccherbasar l\u00e4dt die Kinderhilfe Indien ein am Samstag den 17. Juni ins Thomas-Morus-Haus nach K\u00fcnzell. Im Angebot ist eine gro\u00dfe Auswahl g\u00fcnstiger B\u00fccher verschiedener Fachgebieten. Der Basar ist ge\u00f6ffnet von 14 bis 16 Uhr.<br \/>\nZum Anlesen bietet die Schm\u00f6kerecke wie gewohnt Kaffee und Kuchen.<br \/>\nDer Erl\u00f6s ist f\u00fcr die Kinderhilfe Indien der Jesuiten-Mission bestimmt.<\/p>\n<p>Das Basarteam bittet dringend, keine B\u00fccher im Umfeld des Hauses abzulegen.<\/p>\n<p>Fragen beantwortet Marlene Diel unter Telefon 0661 \u2013 35191.<\/p>\n","protected":false},"excerpt":{"rendered":"<div class=\"tmnf_excerpt\"><p>Zum Altb\u00fccherbasar l\u00e4dt die Kinderhilfe Indien ein am Samstag den 17. Juni ins Thomas-Morus-Haus nach K\u00fcnzell. Im Angebot ist eine gro\u00dfe Auswahl g\u00fcnstiger B\u00fccher verschiedener Fachgebieten. Der Basar ist ge\u00f6ffnet von 14 bis 16 Uhr. Zum Anlesen bietet die Schm\u00f6kerecke wie gewohnt Kaffee und Kuchen. Der Erl\u00f6s ist f\u00fcr die Kinderhilfe Indien der Jesuiten-Mission bestimmt. &hellip;<\/p>\n<\/div>","protected":false},"author":1,"featured_media":0,"comment_status":"closed","ping_status":"closed","sticky":false,"template":"","format":"standard","meta":{"footnotes":""},"categories":[1],"tags":[],"class_list":["post-164059","post","type-post","status-publish","format-standard","hentry","category-startseite"],"_links":{"self":[{"href":"https:\/\/www.fuldaernachrichten.de\/index.php?rest_route=\/wp\/v2\/posts\/164059","targetHints":{"allow":["GET"]}}],"collection":[{"href":"https:\/\/www.fuldaernachrichten.de\/index.php?rest_route=\/wp\/v2\/posts"}],"about":[{"href":"https:\/\/www.fuldaernachrichten.de\/index.php?rest_route=\/wp\/v2\/types\/post"}],"author":[{"embeddable":true,"href":"https:\/\/www.fuldaernachrichten.de\/index.php?rest_route=\/wp\/v2\/users\/1"}],"replies":[{"embeddable":true,"href":"https:\/\/www.fuldaernachrichten.de\/index.php?rest_route=%2Fwp%2Fv2%2Fcomments&post=164059"}],"version-history":[{"count":1,"href":"https:\/\/www.fuldaernachrichten.de\/index.php?rest_route=\/wp\/v2\/posts\/164059\/revisions"}],"predecessor-version":[{"id":164066,"href":"https:\/\/www.fuldaernachrichten.de\/index.php?rest_route=\/wp\/v2\/posts\/164059\/revisions\/164066"}],"wp:attachment":[{"href":"https:\/\/www.fuldaernachrichten.de\/index.php?rest_route=%2Fwp%2Fv2%2Fmedia&parent=164059"}],"wp:term":[{"taxonomy":"category","embeddable":true,"href":"https:\/\/www.fuldaernachrichten.de\/index.php?rest_route=%2Fwp%2Fv2%2Fcategories&post=164059"},{"taxonomy":"post_tag","embeddable":true,"href":"https:\/\/www.fuldaernachrichten.de\/index.php?rest_route=%2Fwp%2Fv2%2Ftags&post=164059"}],"curies":[{"name":"wp","href":"https:\/\/api.w.org\/{rel}","templated":true}]}}