{"id":164030,"date":"2017-06-05T12:40:18","date_gmt":"2017-06-05T10:40:18","guid":{"rendered":"http:\/\/www.fuldaer-nachrichten.de\/?p=164030"},"modified":"2017-06-05T12:40:18","modified_gmt":"2017-06-05T10:40:18","slug":"conebi-vizepraesident-buechel-auf-der-verbandstagung-in-london","status":"publish","type":"post","link":"https:\/\/www.fuldaernachrichten.de\/?p=164030","title":{"rendered":"CONEBI-Vizepr\u00e4sident B\u00fcchel auf der Verbandstagung in London"},"content":{"rendered":"<p>Zu ihrem turnusm\u00e4\u00dfigen Halbjahres-Meeting trafen sich die Mitglieder des Verbandes der europ\u00e4ischen Fahrradindustrie, kurz CONEBI (Confederation of the European Bicycle Industry) k\u00fcrzlich in London. Industrieverb\u00e4nde aus 14 europ\u00e4ischen L\u00e4ndern sind Mitglied bei CONEBI, Treffpunkt\u00c2\u00a0 der rund 30 Teilnehmer der europ\u00e4ischen Zweiradverb\u00e4nde war die Royal Dutch Embassy. F\u00fcr Deutschland ist der Zweirad-Industrie-Verband (ZIV) vertreten. Vizepr\u00e4sident des Verbandes CONEBI ist der Fuldaer Unternehmer Erhard B\u00fcchel. Insbesondere Deutschland setzt sich f\u00fcr eine Verbesserung der Rahmenbedingungen im Fahrradsektor ein. \u201eWir haben in London nochmals unseren Wunsch verdeutlicht, intensiven Kontakt mit europ\u00e4ischen Entscheidungstr\u00e4gern und Beh\u00f6rden sowie mit anderen Verb\u00e4nden zu halten, die die gleichen Ziele verfolgen. Dabei geht es beispielsweise um Gespr\u00e4che mit dem europ\u00e4ischen Normierungsgremium CEN, mit Industrie- und Mobilit\u00e4tsexperten sowie mit der internationalen Presse.\u201c Unterstrichen wurde bei diesem zweit\u00e4gigen Treffen ebenfalls die allgemeine Zielsetzung, das Wachstum der Fahrrad- bzw. Pedelecbranche zu forcieren und die Fahrradkultur in Europa zu f\u00f6rdern. CONEBI pr\u00e4sentiert die europ\u00e4ische Fahrradbranche auch \u00fcber die Kontinentalgrenzen hinaus und ist unter anderem allj\u00e4hrlich auf der gr\u00f6\u00dften asiatischen Fahrradmesse in Taipei vertreten. <\/p>\n<p>BU: Halbjahres-Meeting des Verbandes der europ\u00e4ischen Fahrradindustrie CONEBI in London mit Piotr Rapacz (EU-Kommission Bicycle Officer), Manfred Neun (ECF\u00c2\u00a0 European Cyclists Federation), Ren\u00e9 Takens ( Pr\u00e4sident CONEBI) und Erhard B\u00fcchel (Vizepr\u00e4sident CONEBI) (von lks.) <\/p>\n","protected":false},"excerpt":{"rendered":"<div class=\"tmnf_excerpt\"><p>Zu ihrem turnusm\u00e4\u00dfigen Halbjahres-Meeting trafen sich die Mitglieder des Verbandes der europ\u00e4ischen Fahrradindustrie, kurz CONEBI (Confederation of the European Bicycle Industry) k\u00fcrzlich in London. Industrieverb\u00e4nde aus 14 europ\u00e4ischen L\u00e4ndern sind Mitglied bei CONEBI, Treffpunkt\u00c2\u00a0 der rund 30 Teilnehmer der europ\u00e4ischen Zweiradverb\u00e4nde war die Royal Dutch Embassy. F\u00fcr Deutschland ist der Zweirad-Industrie-Verband (ZIV) vertreten. Vizepr\u00e4sident des &hellip;<\/p>\n<\/div>","protected":false},"author":1,"featured_media":164033,"comment_status":"closed","ping_status":"closed","sticky":false,"template":"","format":"standard","meta":{"footnotes":""},"categories":[1],"tags":[],"class_list":["post-164030","post","type-post","status-publish","format-standard","has-post-thumbnail","hentry","category-startseite"],"_links":{"self":[{"href":"https:\/\/www.fuldaernachrichten.de\/index.php?rest_route=\/wp\/v2\/posts\/164030","targetHints":{"allow":["GET"]}}],"collection":[{"href":"https:\/\/www.fuldaernachrichten.de\/index.php?rest_route=\/wp\/v2\/posts"}],"about":[{"href":"https:\/\/www.fuldaernachrichten.de\/index.php?rest_route=\/wp\/v2\/types\/post"}],"author":[{"embeddable":true,"href":"https:\/\/www.fuldaernachrichten.de\/index.php?rest_route=\/wp\/v2\/users\/1"}],"replies":[{"embeddable":true,"href":"https:\/\/www.fuldaernachrichten.de\/index.php?rest_route=%2Fwp%2Fv2%2Fcomments&post=164030"}],"version-history":[{"count":1,"href":"https:\/\/www.fuldaernachrichten.de\/index.php?rest_route=\/wp\/v2\/posts\/164030\/revisions"}],"predecessor-version":[{"id":164034,"href":"https:\/\/www.fuldaernachrichten.de\/index.php?rest_route=\/wp\/v2\/posts\/164030\/revisions\/164034"}],"wp:featuredmedia":[{"embeddable":true,"href":"https:\/\/www.fuldaernachrichten.de\/index.php?rest_route=\/wp\/v2\/media\/164033"}],"wp:attachment":[{"href":"https:\/\/www.fuldaernachrichten.de\/index.php?rest_route=%2Fwp%2Fv2%2Fmedia&parent=164030"}],"wp:term":[{"taxonomy":"category","embeddable":true,"href":"https:\/\/www.fuldaernachrichten.de\/index.php?rest_route=%2Fwp%2Fv2%2Fcategories&post=164030"},{"taxonomy":"post_tag","embeddable":true,"href":"https:\/\/www.fuldaernachrichten.de\/index.php?rest_route=%2Fwp%2Fv2%2Ftags&post=164030"}],"curies":[{"name":"wp","href":"https:\/\/api.w.org\/{rel}","templated":true}]}}