{"id":164009,"date":"2017-06-05T12:37:28","date_gmt":"2017-06-05T10:37:28","guid":{"rendered":"http:\/\/www.fuldaer-nachrichten.de\/?p=164009"},"modified":"2017-06-05T12:37:29","modified_gmt":"2017-06-05T10:37:29","slug":"21-neue-malteser-schulsanitaeter-fuer-das-domgymnasium-fulda","status":"publish","type":"post","link":"https:\/\/www.fuldaernachrichten.de\/?p=164009","title":{"rendered":"21 neue Malteser &#8211; Schulsanit\u00e4ter f\u00fcr das Domgymnasium Fulda"},"content":{"rendered":"<p>Zu Beginn der Bundesjugendspiele wurden im Fuldaer Stadion die neuen Schulsanit\u00e4ter des Domgymnasiums ernannt. 21 junge Menschen waren in 45 Unterrichtseinheiten vom Erste-Hilfe-Ausbilder der Malteser, Erik Bott, in Erster Hilfe, erweiterte Erste Hilfe und dem Modul Schulsanit\u00e4tsdienst unterwiesen worden. Schulleiter Matthias H\u00f6hl freute sich \u00fcber den Nachwuchs im Bereich des Schulsanit\u00e4tsdienstes der Schule und \u00fcber die langj\u00e4hrige Kooperation mit den Maltesern in Fulda. Die Di\u00f6zesanreferentin der Malteser f\u00fcr den Schulsanit\u00e4tsdienst, \u00c2\u00a0Brigitta Br\u00e4hler-Fischer, \u00fcberreichte den Sch\u00fclerinnen und Sch\u00fclern ihre Urkunden und lobte deren ehrenamtliches Engagement, \u201edas heute nicht mehr selbstverst\u00e4ndlich ist\u201c, so Br\u00e4hler. Sie dankte den Verantwortlichen, insbesondere Oberstudienr\u00e4tin \u00c2\u00a0Karin Goldbach, \u00c2\u00a0die den Schulsanit\u00e4tsdienst am Domgymnasium betreut. Ihr Dank galt auch  der VR-Genossenschaftsbank Fulda, in deren Vertretung\u00c2\u00a0 Carina Sauerwein gekommen war. Das Geldinstitut unterst\u00fctzt mit einer Spende die Ausbildung der Schulsanit\u00e4ter.<\/p>\n<p>Foto: Brigitta Br\u00e4hler-Fischer, die Referentin f\u00fcr den Schulsanit\u00e4tsdienst der Malteser (links) konnte 21 Jugendliche zu neuen Schulsanit\u00e4tern des Domgymnasiums ernennen. Schulleiter Matthias H\u00f6hl (2. v. rechts) und Oberstudienr\u00e4tin Karin Goldbach (3. v. rechts stehend) freuen sich \u00fcber den Helfer-Nachwuchs. Carina Sauerwein (rechts) von der VR-Genossenschaftsbank gratulierte ebenfalls. <\/p>\n","protected":false},"excerpt":{"rendered":"<div class=\"tmnf_excerpt\"><p>Zu Beginn der Bundesjugendspiele wurden im Fuldaer Stadion die neuen Schulsanit\u00e4ter des Domgymnasiums ernannt. 21 junge Menschen waren in 45 Unterrichtseinheiten vom Erste-Hilfe-Ausbilder der Malteser, Erik Bott, in Erster Hilfe, erweiterte Erste Hilfe und dem Modul Schulsanit\u00e4tsdienst unterwiesen worden. Schulleiter Matthias H\u00f6hl freute sich \u00fcber den Nachwuchs im Bereich des Schulsanit\u00e4tsdienstes der Schule und \u00fcber &hellip;<\/p>\n<\/div>","protected":false},"author":1,"featured_media":164018,"comment_status":"closed","ping_status":"closed","sticky":false,"template":"","format":"standard","meta":{"footnotes":""},"categories":[1],"tags":[],"class_list":["post-164009","post","type-post","status-publish","format-standard","has-post-thumbnail","hentry","category-startseite"],"_links":{"self":[{"href":"https:\/\/www.fuldaernachrichten.de\/index.php?rest_route=\/wp\/v2\/posts\/164009","targetHints":{"allow":["GET"]}}],"collection":[{"href":"https:\/\/www.fuldaernachrichten.de\/index.php?rest_route=\/wp\/v2\/posts"}],"about":[{"href":"https:\/\/www.fuldaernachrichten.de\/index.php?rest_route=\/wp\/v2\/types\/post"}],"author":[{"embeddable":true,"href":"https:\/\/www.fuldaernachrichten.de\/index.php?rest_route=\/wp\/v2\/users\/1"}],"replies":[{"embeddable":true,"href":"https:\/\/www.fuldaernachrichten.de\/index.php?rest_route=%2Fwp%2Fv2%2Fcomments&post=164009"}],"version-history":[{"count":1,"href":"https:\/\/www.fuldaernachrichten.de\/index.php?rest_route=\/wp\/v2\/posts\/164009\/revisions"}],"predecessor-version":[{"id":164019,"href":"https:\/\/www.fuldaernachrichten.de\/index.php?rest_route=\/wp\/v2\/posts\/164009\/revisions\/164019"}],"wp:featuredmedia":[{"embeddable":true,"href":"https:\/\/www.fuldaernachrichten.de\/index.php?rest_route=\/wp\/v2\/media\/164018"}],"wp:attachment":[{"href":"https:\/\/www.fuldaernachrichten.de\/index.php?rest_route=%2Fwp%2Fv2%2Fmedia&parent=164009"}],"wp:term":[{"taxonomy":"category","embeddable":true,"href":"https:\/\/www.fuldaernachrichten.de\/index.php?rest_route=%2Fwp%2Fv2%2Fcategories&post=164009"},{"taxonomy":"post_tag","embeddable":true,"href":"https:\/\/www.fuldaernachrichten.de\/index.php?rest_route=%2Fwp%2Fv2%2Ftags&post=164009"}],"curies":[{"name":"wp","href":"https:\/\/api.w.org\/{rel}","templated":true}]}}