{"id":163992,"date":"2017-06-05T12:34:19","date_gmt":"2017-06-05T10:34:19","guid":{"rendered":"http:\/\/www.fuldaer-nachrichten.de\/?p=163992"},"modified":"2017-06-05T12:34:19","modified_gmt":"2017-06-05T10:34:19","slug":"mdb-michael-brand-entwarnung-fuer-modellflieger-schoenes-hobby-weiter-moeglich","status":"publish","type":"post","link":"https:\/\/www.fuldaernachrichten.de\/?p=163992","title":{"rendered":"MdB Michael Brand: \u201eEntwarnung f\u00fcr Modellflieger &#8211; Sch\u00f6nes Hobby weiter m\u00f6glich!\u201c"},"content":{"rendered":"<p>Gro\u00dfe Erleichterung f\u00fcr viele Hobbyflieger in der Region. \u201eAls Rh\u00f6n-Abgeordneter bin ich absolut froh, dass nach hartem Ringen ein guter Kompromiss f\u00fcr unsere Modellflieger rausgekommen ist\u201c, betont der heimische Bundestagsabgeordnete Michael Brand (CDU). \u201eBeharrlichkeit und Vernunft haben sich durchgesetzt, die urspr\u00fcnglichen Pl\u00e4ne sind vom Tisch.\u201c Eine generelle H\u00f6henbegrenzung auf 100 Meter f\u00fcr ferngesteuerte Flugmodelle jeder Art w\u00e4re dem Ende des Modellflugs gleichgekommen.<\/p>\n<p>Brand hatte sich in den letzten Monaten beim Bundesverkehrsminister f\u00fcr eine \u201ema\u00dfvolle und machbare L\u00f6sung\u201c eingesetzt, die erreicht wurde und anschlie\u00dfend wegen Bedenken im Bundesverteidigungsministerium ausgehebelt wurde. \u201eNach Gespr\u00e4chen dort und vor allem der Unterst\u00fctzung des Bundesrates hat die Einsicht doch noch gesiegt, so dass ein sch\u00f6nes Hobby weiter m\u00f6glich ist\u201c, so Brand. Inzwischen ist die sogenannte \u201eDrohnenverordnung\u201c in Kraft getreten, die der Deutsche Modellfliegerverband als \u201eguten Kompromiss\u201c bezeichnet.<\/p>\n<p>In der Region bedankte sich Frank Robbert vom \u201eRh\u00f6nflug Poppenhausen\u201c mit einem selbstgebauten Modellflieger \u201eSG 38\u201c bei Michael Brand f\u00fcr die \u201etolle Unterst\u00fctzung und das offene Ohr f\u00fcr die Belange der Modellflieger\u201c. \u201eDas war eine gute Gemeinschaftsleistung\u201c, so Robbert. Im Berliner B\u00fcro des Abgeordneten findet der Modellflieger jetzt seine Heimat. Zu den ersten Bewunderern geh\u00f6rte Bundesverkehrsminister Alexander Dobrindt pers\u00f6nlich, der dem Abgeordneten f\u00fcr die \u201ezahlreichen wie n\u00fctzlichen Hinweisen von den Praktikern aus der Rh\u00f6n\u201c dankte.<\/p>\n<p>Monatelang wurde \u00fcber eine Verordnung f\u00fcr den Betrieb von Drohnen beraten. Durch die Zunahme privater und gewerblicher Drohnen kam es bereits zu gef\u00e4hrlichen Situationen, so dass das Bundesverkehrsministerium die Luftverkehrsordnung anpassen wollte. Mit der Neuregelung ist beabsichtigt, den Betrieb von gewerblich eingesetzten Drohnen als sogenannte \u201eunbemannte Luftfahrtsysteme\u201c und von privat genutzten Drohnen, die vom geltenden Recht als \u201eFlugmodelle\u201c behandelt werden, auf eine neue Rechtsgrundlage zu stellen.<\/p>\n<p>Bildunterschrift<br \/>\nRh\u00f6ner-Modellflieger im Reichstagsgeb\u00e4ude: Bundesverkehrsminister Alexander Dobrindt (rechts) freut sich mit \u201eRh\u00f6n-MdB\u201c Michael Brand \u00fcber das Geschenk aus Poppenhausen<\/p>\n","protected":false},"excerpt":{"rendered":"<div class=\"tmnf_excerpt\"><p>Gro\u00dfe Erleichterung f\u00fcr viele Hobbyflieger in der Region. \u201eAls Rh\u00f6n-Abgeordneter bin ich absolut froh, dass nach hartem Ringen ein guter Kompromiss f\u00fcr unsere Modellflieger rausgekommen ist\u201c, betont der heimische Bundestagsabgeordnete Michael Brand (CDU). \u201eBeharrlichkeit und Vernunft haben sich durchgesetzt, die urspr\u00fcnglichen Pl\u00e4ne sind vom Tisch.\u201c Eine generelle H\u00f6henbegrenzung auf 100 Meter f\u00fcr ferngesteuerte Flugmodelle jeder &hellip;<\/p>\n<\/div>","protected":false},"author":1,"featured_media":164000,"comment_status":"closed","ping_status":"closed","sticky":false,"template":"","format":"standard","meta":{"footnotes":""},"categories":[1],"tags":[],"class_list":["post-163992","post","type-post","status-publish","format-standard","has-post-thumbnail","hentry","category-startseite"],"_links":{"self":[{"href":"https:\/\/www.fuldaernachrichten.de\/index.php?rest_route=\/wp\/v2\/posts\/163992","targetHints":{"allow":["GET"]}}],"collection":[{"href":"https:\/\/www.fuldaernachrichten.de\/index.php?rest_route=\/wp\/v2\/posts"}],"about":[{"href":"https:\/\/www.fuldaernachrichten.de\/index.php?rest_route=\/wp\/v2\/types\/post"}],"author":[{"embeddable":true,"href":"https:\/\/www.fuldaernachrichten.de\/index.php?rest_route=\/wp\/v2\/users\/1"}],"replies":[{"embeddable":true,"href":"https:\/\/www.fuldaernachrichten.de\/index.php?rest_route=%2Fwp%2Fv2%2Fcomments&post=163992"}],"version-history":[{"count":1,"href":"https:\/\/www.fuldaernachrichten.de\/index.php?rest_route=\/wp\/v2\/posts\/163992\/revisions"}],"predecessor-version":[{"id":164001,"href":"https:\/\/www.fuldaernachrichten.de\/index.php?rest_route=\/wp\/v2\/posts\/163992\/revisions\/164001"}],"wp:featuredmedia":[{"embeddable":true,"href":"https:\/\/www.fuldaernachrichten.de\/index.php?rest_route=\/wp\/v2\/media\/164000"}],"wp:attachment":[{"href":"https:\/\/www.fuldaernachrichten.de\/index.php?rest_route=%2Fwp%2Fv2%2Fmedia&parent=163992"}],"wp:term":[{"taxonomy":"category","embeddable":true,"href":"https:\/\/www.fuldaernachrichten.de\/index.php?rest_route=%2Fwp%2Fv2%2Fcategories&post=163992"},{"taxonomy":"post_tag","embeddable":true,"href":"https:\/\/www.fuldaernachrichten.de\/index.php?rest_route=%2Fwp%2Fv2%2Ftags&post=163992"}],"curies":[{"name":"wp","href":"https:\/\/api.w.org\/{rel}","templated":true}]}}