{"id":163970,"date":"2017-06-05T12:33:49","date_gmt":"2017-06-05T10:33:49","guid":{"rendered":"http:\/\/www.fuldaer-nachrichten.de\/?p=163970"},"modified":"2017-06-05T12:33:49","modified_gmt":"2017-06-05T10:33:49","slug":"mariengrotte-im-blumenmeer","status":"publish","type":"post","link":"https:\/\/www.fuldaernachrichten.de\/?p=163970","title":{"rendered":"Mariengrotte im Blumenmeer"},"content":{"rendered":"<p>In diesen Tagen wird das Marienbild an der Grotte H\u00fcnhan von leuchtrotem Rhododendron umgeben. Es ist wirkliche eine Augenweide. Auch andere Blumen und Str\u00e4ucher erwachen zum Leben.<\/p>\n<p>Am Dienstag, dem 27. Juni findet um 19.00 Uhr die n\u00e4chste Marienandacht mit unserem ehemaligen Gemeindepfarrer, Gerhard Bug, statt. Alle Pfarrangeh\u00f6rigen sind herzlichst eingeladen.<\/p>\n","protected":false},"excerpt":{"rendered":"<div class=\"tmnf_excerpt\"><p>In diesen Tagen wird das Marienbild an der Grotte H\u00fcnhan von leuchtrotem Rhododendron umgeben. Es ist wirkliche eine Augenweide. Auch andere Blumen und Str\u00e4ucher erwachen zum Leben. Am Dienstag, dem 27. Juni findet um 19.00 Uhr die n\u00e4chste Marienandacht mit unserem ehemaligen Gemeindepfarrer, Gerhard Bug, statt. Alle Pfarrangeh\u00f6rigen sind herzlichst eingeladen.<\/p>\n<\/div>","protected":false},"author":1,"featured_media":163996,"comment_status":"closed","ping_status":"closed","sticky":false,"template":"","format":"gallery","meta":{"footnotes":""},"categories":[1],"tags":[],"class_list":["post-163970","post","type-post","status-publish","format-gallery","has-post-thumbnail","hentry","category-startseite","post_format-post-format-gallery"],"_links":{"self":[{"href":"https:\/\/www.fuldaernachrichten.de\/index.php?rest_route=\/wp\/v2\/posts\/163970","targetHints":{"allow":["GET"]}}],"collection":[{"href":"https:\/\/www.fuldaernachrichten.de\/index.php?rest_route=\/wp\/v2\/posts"}],"about":[{"href":"https:\/\/www.fuldaernachrichten.de\/index.php?rest_route=\/wp\/v2\/types\/post"}],"author":[{"embeddable":true,"href":"https:\/\/www.fuldaernachrichten.de\/index.php?rest_route=\/wp\/v2\/users\/1"}],"replies":[{"embeddable":true,"href":"https:\/\/www.fuldaernachrichten.de\/index.php?rest_route=%2Fwp%2Fv2%2Fcomments&post=163970"}],"version-history":[{"count":1,"href":"https:\/\/www.fuldaernachrichten.de\/index.php?rest_route=\/wp\/v2\/posts\/163970\/revisions"}],"predecessor-version":[{"id":163999,"href":"https:\/\/www.fuldaernachrichten.de\/index.php?rest_route=\/wp\/v2\/posts\/163970\/revisions\/163999"}],"wp:featuredmedia":[{"embeddable":true,"href":"https:\/\/www.fuldaernachrichten.de\/index.php?rest_route=\/wp\/v2\/media\/163996"}],"wp:attachment":[{"href":"https:\/\/www.fuldaernachrichten.de\/index.php?rest_route=%2Fwp%2Fv2%2Fmedia&parent=163970"}],"wp:term":[{"taxonomy":"category","embeddable":true,"href":"https:\/\/www.fuldaernachrichten.de\/index.php?rest_route=%2Fwp%2Fv2%2Fcategories&post=163970"},{"taxonomy":"post_tag","embeddable":true,"href":"https:\/\/www.fuldaernachrichten.de\/index.php?rest_route=%2Fwp%2Fv2%2Ftags&post=163970"}],"curies":[{"name":"wp","href":"https:\/\/api.w.org\/{rel}","templated":true}]}}