{"id":163937,"date":"2017-06-01T21:49:58","date_gmt":"2017-06-01T19:49:58","guid":{"rendered":"http:\/\/www.fuldaer-nachrichten.de\/?p=163937"},"modified":"2017-06-01T21:49:58","modified_gmt":"2017-06-01T19:49:58","slug":"confessiones-ein-abend-fuer-und-mit-martin-luther-am-9-juni-2017-um-19-30-uhr-im-bonhoefferhaus-fulda","status":"publish","type":"post","link":"https:\/\/www.fuldaernachrichten.de\/?p=163937","title":{"rendered":"Confessiones &#8211; Ein Abend f\u00fcr und mit Martin Luther am 9. Juni 2017 um 19.30 Uhr im Bonhoefferhaus Fulda"},"content":{"rendered":"<p><a href=\"http:\/\/www.fuldaer-nachrichten.de\/wp-content\/uploads\/2017\/06\/Blechbarten.jpg\"><img fetchpriority=\"high\" decoding=\"async\" src=\"http:\/\/www.fuldaer-nachrichten.de\/wp-content\/uploads\/2017\/06\/Blechbarten-265x212.jpg\" alt=\"\" width=\"265\" height=\"212\" class=\"alignleft size-thumbnail wp-image-163944\" srcset=\"https:\/\/www.fuldaernachrichten.de\/wp-content\/uploads\/2017\/06\/Blechbarten-265x212.jpg 265w, https:\/\/www.fuldaernachrichten.de\/wp-content\/uploads\/2017\/06\/Blechbarten-768x614.jpg 768w, https:\/\/www.fuldaernachrichten.de\/wp-content\/uploads\/2017\/06\/Blechbarten-600x480.jpg 600w, https:\/\/www.fuldaernachrichten.de\/wp-content\/uploads\/2017\/06\/Blechbarten.jpg 900w\" sizes=\"(max-width: 265px) 100vw, 265px\" \/><\/a>Das \u00fcber Nordhessen hinaus bekannte Auswahlensemble von Bl\u00e4sern des Kirchenkreises Melsungen \u201eDie Blechbarten\u201c kommt in seinem f\u00fcnften Konzertjahr endlich nach Fulda. Im Reformationsjubil\u00e4umsjahr 2017 steht das Programm ganz im Zeichen von Martin Luther. Der Titel \u201eConfessiones\u201c beruft sich auf eine Schrift Augustins, die Martin Luther in seiner theologischen Entwicklung ganz besonders wichtig war. So steht \u201eConfessiones\u201c auf der einen Seite f\u00fcr Luthers Bekenntnis zu einem gn\u00e4digen Gott. Auf der anderen Seite stellt sich auch das Ensemble unter dieses Bekenntnis. So versuchen die elf Musiker, Luthers theologischen Werdegang auf musikalische Weise nachzuempfinden. Luthers Denken, F\u00fchlen und Handeln soll durch Musik und erkl\u00e4rende Texte dem Publikum ganz nahe gebracht werden.<\/p>\n<p>Die Musik aus Luthers Zeit tritt dabei in einen spannenden Dialog mit Texten und modernen Kompositionen, die die Zuh\u00f6rer in ihrer Lebenswelt abholen m\u00f6chten &#8211; ganz so, wie es vor 500 Jahren das Anliegen Martin Luthers gewesen ist. Die blechbl\u00e4serischen Bekenntnisse versuchen sich auf diese Weise der Frage zu n\u00e4hern, wie geistliche Musik heute Menschen anr\u00fchren und begeistern kann.<\/p>\n<p>Neben der Musik wird das Publikum in der Pause auch durch kulinarische K\u00f6stlichkeiten verw\u00f6hnt.<br \/>\nDer Eintritt ist frei, eine Spende zur Deckung der Unkosten sowie des neuen Glockenstuhls des Bonhoefferhauses wird erbeten.<br \/>\nBeginn: 19:30 Uhr<\/p>\n<p>Zum Ensemble: Die Blechbarten sind das Auswahlensemble des Kirchenkreises Melsungen. Der Name leitet sich aus Blechbl\u00e4sern und Bartenwetzern ab, was der Spitzname der Melsunger ist. Die Mitglieder sind reine Amateure, im besten Sinne des Wortes, was sich darin ausdr\u00fcckt, dass sie alle noch in verschiedenen Posaunench\u00f6ren aktiv sind, einige selbst als Chorleiter fungieren und \u00fcber reichlich solistische Erfahrung verf\u00fcgen. Seit ihrer Gr\u00fcndung vor f\u00fcnf Jahren \u00fcberzeugten die Blechbarten in jeder Konzertsaison durch ihre Spielfreude und den strahlenden, aber jederzeit transparenten Klang. Durch verschiedenste Konzertprogramme haben die Blechbarten sich ein vielseitiges Repertoire erworben, das von klassischer bis moderner Bl\u00e4sermusik und von Gospels bis zu aktuellen Rockarrangements reicht. Dabei wird die Musik stets durch unterhaltsame und humorvolle Moderationen erg\u00e4nzt.<\/p>\n","protected":false},"excerpt":{"rendered":"<div class=\"tmnf_excerpt\"><p>Das \u00fcber Nordhessen hinaus bekannte Auswahlensemble von Bl\u00e4sern des Kirchenkreises Melsungen \u201eDie Blechbarten\u201c kommt in seinem f\u00fcnften Konzertjahr endlich nach Fulda. Im Reformationsjubil\u00e4umsjahr 2017 steht das Programm ganz im Zeichen von Martin Luther. Der Titel \u201eConfessiones\u201c beruft sich auf eine Schrift Augustins, die Martin Luther in seiner theologischen Entwicklung ganz besonders wichtig war. So steht &hellip;<\/p>\n<\/div>","protected":false},"author":1,"featured_media":163945,"comment_status":"closed","ping_status":"closed","sticky":false,"template":"","format":"standard","meta":{"footnotes":""},"categories":[1],"tags":[],"class_list":["post-163937","post","type-post","status-publish","format-standard","has-post-thumbnail","hentry","category-startseite"],"_links":{"self":[{"href":"https:\/\/www.fuldaernachrichten.de\/index.php?rest_route=\/wp\/v2\/posts\/163937","targetHints":{"allow":["GET"]}}],"collection":[{"href":"https:\/\/www.fuldaernachrichten.de\/index.php?rest_route=\/wp\/v2\/posts"}],"about":[{"href":"https:\/\/www.fuldaernachrichten.de\/index.php?rest_route=\/wp\/v2\/types\/post"}],"author":[{"embeddable":true,"href":"https:\/\/www.fuldaernachrichten.de\/index.php?rest_route=\/wp\/v2\/users\/1"}],"replies":[{"embeddable":true,"href":"https:\/\/www.fuldaernachrichten.de\/index.php?rest_route=%2Fwp%2Fv2%2Fcomments&post=163937"}],"version-history":[{"count":1,"href":"https:\/\/www.fuldaernachrichten.de\/index.php?rest_route=\/wp\/v2\/posts\/163937\/revisions"}],"predecessor-version":[{"id":163948,"href":"https:\/\/www.fuldaernachrichten.de\/index.php?rest_route=\/wp\/v2\/posts\/163937\/revisions\/163948"}],"wp:featuredmedia":[{"embeddable":true,"href":"https:\/\/www.fuldaernachrichten.de\/index.php?rest_route=\/wp\/v2\/media\/163945"}],"wp:attachment":[{"href":"https:\/\/www.fuldaernachrichten.de\/index.php?rest_route=%2Fwp%2Fv2%2Fmedia&parent=163937"}],"wp:term":[{"taxonomy":"category","embeddable":true,"href":"https:\/\/www.fuldaernachrichten.de\/index.php?rest_route=%2Fwp%2Fv2%2Fcategories&post=163937"},{"taxonomy":"post_tag","embeddable":true,"href":"https:\/\/www.fuldaernachrichten.de\/index.php?rest_route=%2Fwp%2Fv2%2Ftags&post=163937"}],"curies":[{"name":"wp","href":"https:\/\/api.w.org\/{rel}","templated":true}]}}