{"id":163908,"date":"2017-06-01T21:44:26","date_gmt":"2017-06-01T19:44:26","guid":{"rendered":"http:\/\/www.fuldaer-nachrichten.de\/?p=163908"},"modified":"2017-06-01T21:44:26","modified_gmt":"2017-06-01T19:44:26","slug":"medienprojekt-mit-15-jugendlichen-im-pfadfinderhaus-roederhaid","status":"publish","type":"post","link":"https:\/\/www.fuldaernachrichten.de\/?p=163908","title":{"rendered":"Medienprojekt mit 15 Jugendlichen im Pfadfinderhaus R\u00f6derhaid"},"content":{"rendered":"<p>Alles drehte sich um Wu\u00cc\u02c6nsche und Tr\u00e4ume: In einem gemeinsamen Medienprojekt verbrachten Jugendliche aus der Jahnschule Hu\u00cc\u02c6nfeld und der Johannes-Kepler-Schule Neuhof drei spannende Tage in der Rh\u00f6n. Ihre Aufgabe: als Team eine Geschichte zum Thema \u201eWu\u00cc\u02c6nsche und Tr\u00e4ume\u201c zu entwickeln und daraus innerhalb von drei Tagen einen Comic zu produzieren, der am Ende allen Beteiligten pr\u00e4sentiert wurde. Das Besondere daran: Das Programm gestalteten Studierende der Hochschule Fulda im Rahmen ihrer Ausbildung. Mit spritzigen Ideen leiteten sie die Achtkl\u00e4ssler an, in gemeinsamer Arbeit entwickelten sich tolle Szenen, witzige Kostu\u00cc\u02c6me und phantasievolle Geschichten.<br \/>\nMedienp\u00e4dagogische Ausbildung fu\u00cc\u02c6r die einen, Berufsvorbereitung fu\u00cc\u02c6r die anderen &#8211; dieser gemeinsame Workshop ist ein Baustein des Berufsorientierungsprojekts Netzwerk Schulen. Fu\u00cc\u02c6r die Jugendlichen steht der Erwerb von Medienkompetenz im Vordergrund, ganz automatisch trainieren sie dabei Kommunikation, Zeitmanagement und die Bereitschaft, gegenseitige Verantwortung zu u\u00cc\u02c6bernehmen.<\/p>\n<p>\u201eIn diesen drei Tagen k\u00f6nnen wir beobachten, dass die Jugendlichen sich ganz nach ihren pers\u00f6nlichen St\u00e4rken einbringen. Alle haben Spa\u00df, und fu\u00cc\u02c6r das sp\u00e4tere Berufsleben trainieren sie viele F\u00e4higkeiten,\u201c freut sich Martina Sohmen-K\u00f6tt, Projektleiterin im Netzwerk Schulen. \u201eDamit schlie\u00dfen sie das Berufsorientierungsprojekt Netzwerk Schulen ab, das sie ein Schuljahr lang auf die unterschiedlichen Anforderungen der Berufs- und Arbeitswelt vorbereitet hat.\u201c<br \/>\nFachlich und p\u00e4dagogisch sorgten Andreas Rickert-Lu\u00cc\u02c6tzen von der Hochschule Fulda und Christian Schwappach (filmreflex Medienp\u00e4dagogik) fu\u00cc\u02c6r den Erfolg und die Qualit\u00e4t des Workshops: \u201eDie Studierenden k\u00f6nnen in dieser Praxisphase ausprobieren, ob ihnen die Arbeit mit Jugendlichen liegt und Freude macht. Im Juni findet ein zweiter Durchgang mit anderen Gruppen statt. Dann k\u00f6nnen die Studierenden ihr Konzept anpassen, optimieren und ihre Kompetenzen im Umgang mit Gruppen festigen. Wir erleben gemeinsam drei intensive Tage, die gut auf das Berufsleben vorbereiten.\u201c Als Ergebnis nahmen alle ein selbst gemachtes Comic und das gute Gefu\u00cc\u02c6hl mit nach Hause, gemeinsam etwas gestaltet und erreicht zu haben.<\/p>\n<p>Das Medienkompetenzprojekt wird gef\u00f6rdert von der Hessischen Landesanstalt fu\u00cc\u02c6r privaten Rundfunk und neue Medien (LPR).<\/p>\n","protected":false},"excerpt":{"rendered":"<div class=\"tmnf_excerpt\"><p>Alles drehte sich um Wu\u00cc\u02c6nsche und Tr\u00e4ume: In einem gemeinsamen Medienprojekt verbrachten Jugendliche aus der Jahnschule Hu\u00cc\u02c6nfeld und der Johannes-Kepler-Schule Neuhof drei spannende Tage in der Rh\u00f6n. Ihre Aufgabe: als Team eine Geschichte zum Thema \u201eWu\u00cc\u02c6nsche und Tr\u00e4ume\u201c zu entwickeln und daraus innerhalb von drei Tagen einen Comic zu produzieren, der am Ende allen Beteiligten &hellip;<\/p>\n<\/div>","protected":false},"author":1,"featured_media":163917,"comment_status":"closed","ping_status":"closed","sticky":false,"template":"","format":"gallery","meta":{"footnotes":""},"categories":[1],"tags":[],"class_list":["post-163908","post","type-post","status-publish","format-gallery","has-post-thumbnail","hentry","category-startseite","post_format-post-format-gallery"],"_links":{"self":[{"href":"https:\/\/www.fuldaernachrichten.de\/index.php?rest_route=\/wp\/v2\/posts\/163908","targetHints":{"allow":["GET"]}}],"collection":[{"href":"https:\/\/www.fuldaernachrichten.de\/index.php?rest_route=\/wp\/v2\/posts"}],"about":[{"href":"https:\/\/www.fuldaernachrichten.de\/index.php?rest_route=\/wp\/v2\/types\/post"}],"author":[{"embeddable":true,"href":"https:\/\/www.fuldaernachrichten.de\/index.php?rest_route=\/wp\/v2\/users\/1"}],"replies":[{"embeddable":true,"href":"https:\/\/www.fuldaernachrichten.de\/index.php?rest_route=%2Fwp%2Fv2%2Fcomments&post=163908"}],"version-history":[{"count":1,"href":"https:\/\/www.fuldaernachrichten.de\/index.php?rest_route=\/wp\/v2\/posts\/163908\/revisions"}],"predecessor-version":[{"id":163925,"href":"https:\/\/www.fuldaernachrichten.de\/index.php?rest_route=\/wp\/v2\/posts\/163908\/revisions\/163925"}],"wp:featuredmedia":[{"embeddable":true,"href":"https:\/\/www.fuldaernachrichten.de\/index.php?rest_route=\/wp\/v2\/media\/163917"}],"wp:attachment":[{"href":"https:\/\/www.fuldaernachrichten.de\/index.php?rest_route=%2Fwp%2Fv2%2Fmedia&parent=163908"}],"wp:term":[{"taxonomy":"category","embeddable":true,"href":"https:\/\/www.fuldaernachrichten.de\/index.php?rest_route=%2Fwp%2Fv2%2Fcategories&post=163908"},{"taxonomy":"post_tag","embeddable":true,"href":"https:\/\/www.fuldaernachrichten.de\/index.php?rest_route=%2Fwp%2Fv2%2Ftags&post=163908"}],"curies":[{"name":"wp","href":"https:\/\/api.w.org\/{rel}","templated":true}]}}