{"id":163907,"date":"2017-06-01T21:42:52","date_gmt":"2017-06-01T19:42:52","guid":{"rendered":"http:\/\/www.fuldaer-nachrichten.de\/?p=163907"},"modified":"2017-06-01T21:42:52","modified_gmt":"2017-06-01T19:42:52","slug":"problem-alkohol-im-strassenverkehr","status":"publish","type":"post","link":"https:\/\/www.fuldaernachrichten.de\/?p=163907","title":{"rendered":"Problem Alkohol im Stra\u00dfenverkehr"},"content":{"rendered":"<p>Mit Alkohol im Blut ans Steuer oder aufs Fahrrad? Besser nicht. Fast 17 000 Verletzte und 256 Tote durch Alkoholunf\u00e4lle. Jeder Verletzte oder gar Toter ist einer zu viel. Betrunken in Bus und Bahn? Bitte nicht. Enthemmte Fahrg\u00e4ste st\u00f6ren und gef\u00e4hrden andere. Scheinbar Schlagworte und trotzdem allt\u00e4gliche Wirklichkeit. <\/p>\n<p>Das Caritaszentrum f\u00fcr Sucht- und Drogenhilfe Fulda organisierte in Zusammenarbeit mit der Deutschen Hauptstelle f\u00fcr Suchtfragen (DHS) e.V. einen Aktionstag auf dem Universit\u00e4tsplatz in Fulda. Beteiligt waren das Polizeipr\u00e4sidium Osthessen, die Deutsche Verkehrswacht Fulda sowie der Kreuzbund, die Selbsthilfeorganisation der Caritas f\u00fcr suchtmittelabh\u00e4ngige Menschen. Nicht nur theoretisch oder durch Flyer wurde \u00fcber die Gefahr von Alkohol im Stra\u00dfenverkehr informiert. Die Besucher konnten einen Parcours begehen. Dazu bekamen sie eine Brille aufgesetzt, die einen Rausch simulierte. Das Erstaunen war gro\u00df, weil die Testpersonen trotz \u00e4u\u00dferster Konzentration immer wieder vom vorgegeben Weg abwichen. Gleiches zeigte sich im Alkoholfahrsimulator vom Bund gegen Alkohol und Drogen (BADS), in dem die Reaktion auf unvorhergesehene Situationen getestet wurde. Mit dem \u00dcberschlagsimulator boten die Veranstalter eine besondere Attraktion. Jede Testperson konnte den richtigen Ausstieg aus einem Fahrzeug, das auf dem Kopf liegt, \u00fcben.<br \/>\nAls Erfolg sieht das Caritaszentrum f\u00fcr Sucht- und Drogenhilfe, dass viele junge Erwachsene die Informationsst\u00e4nde aufsuchten. Sie lie\u00dfen sich nicht nur \u00fcber die Gefahren von Alkohol im Stra\u00dfenverkehr informieren, sondern lernten auch Hilfeangebote kennen und kamen mit Menschen, die selbst abh\u00e4ngig waren ins Gespr\u00e4ch. Michael Sch\u00fctte, Leiter des Caritaszentrums beurteilt deshalb den Aktionstag als sehr gelungen.<\/p>\n<p>Kostenlose Beratung und ambulante Rehabilitation suchtmittelabh\u00e4ngiger Menschen bietet das Caritaszentrum f\u00fcr Sucht- und Drogenhilfe, Wilhelmstra\u00dfe 10, 36037 Fulda, Tel.: 0661 2428360, E-Mail: suchtunddrogen@caritas-fulda.de. <\/p>\n<p>Ein gleiches Angebot macht auch die Suchtberatung der Diakonie Fulda.<br \/>\nIm Caritas \u2013 Zentrum ist auch die Fachstelle f\u00fcr Suchtpr\u00e4vention zu finden; Tel.: 0661 3809409-24; http:\/\/www.rcvfulda.caritas.de\/hilfeundberatung\/sucht\/suchtpraevention\/<\/p>\n","protected":false},"excerpt":{"rendered":"<div class=\"tmnf_excerpt\"><p>Mit Alkohol im Blut ans Steuer oder aufs Fahrrad? Besser nicht. Fast 17 000 Verletzte und 256 Tote durch Alkoholunf\u00e4lle. Jeder Verletzte oder gar Toter ist einer zu viel. Betrunken in Bus und Bahn? Bitte nicht. Enthemmte Fahrg\u00e4ste st\u00f6ren und gef\u00e4hrden andere. Scheinbar Schlagworte und trotzdem allt\u00e4gliche Wirklichkeit. Das Caritaszentrum f\u00fcr Sucht- und Drogenhilfe Fulda &hellip;<\/p>\n<\/div>","protected":false},"author":1,"featured_media":163914,"comment_status":"closed","ping_status":"closed","sticky":false,"template":"","format":"gallery","meta":{"footnotes":""},"categories":[1],"tags":[],"class_list":["post-163907","post","type-post","status-publish","format-gallery","has-post-thumbnail","hentry","category-startseite","post_format-post-format-gallery"],"_links":{"self":[{"href":"https:\/\/www.fuldaernachrichten.de\/index.php?rest_route=\/wp\/v2\/posts\/163907","targetHints":{"allow":["GET"]}}],"collection":[{"href":"https:\/\/www.fuldaernachrichten.de\/index.php?rest_route=\/wp\/v2\/posts"}],"about":[{"href":"https:\/\/www.fuldaernachrichten.de\/index.php?rest_route=\/wp\/v2\/types\/post"}],"author":[{"embeddable":true,"href":"https:\/\/www.fuldaernachrichten.de\/index.php?rest_route=\/wp\/v2\/users\/1"}],"replies":[{"embeddable":true,"href":"https:\/\/www.fuldaernachrichten.de\/index.php?rest_route=%2Fwp%2Fv2%2Fcomments&post=163907"}],"version-history":[{"count":1,"href":"https:\/\/www.fuldaernachrichten.de\/index.php?rest_route=\/wp\/v2\/posts\/163907\/revisions"}],"predecessor-version":[{"id":163916,"href":"https:\/\/www.fuldaernachrichten.de\/index.php?rest_route=\/wp\/v2\/posts\/163907\/revisions\/163916"}],"wp:featuredmedia":[{"embeddable":true,"href":"https:\/\/www.fuldaernachrichten.de\/index.php?rest_route=\/wp\/v2\/media\/163914"}],"wp:attachment":[{"href":"https:\/\/www.fuldaernachrichten.de\/index.php?rest_route=%2Fwp%2Fv2%2Fmedia&parent=163907"}],"wp:term":[{"taxonomy":"category","embeddable":true,"href":"https:\/\/www.fuldaernachrichten.de\/index.php?rest_route=%2Fwp%2Fv2%2Fcategories&post=163907"},{"taxonomy":"post_tag","embeddable":true,"href":"https:\/\/www.fuldaernachrichten.de\/index.php?rest_route=%2Fwp%2Fv2%2Ftags&post=163907"}],"curies":[{"name":"wp","href":"https:\/\/api.w.org\/{rel}","templated":true}]}}