{"id":163884,"date":"2017-06-01T21:37:34","date_gmt":"2017-06-01T19:37:34","guid":{"rendered":"http:\/\/www.fuldaer-nachrichten.de\/?p=163884"},"modified":"2017-06-01T21:37:34","modified_gmt":"2017-06-01T19:37:34","slug":"dav-sektion-fulda-feiert-sommerfest-mit-einem-tag-der-offenen-tuer","status":"publish","type":"post","link":"https:\/\/www.fuldaernachrichten.de\/?p=163884","title":{"rendered":"DAV Sektion Fulda feiert Sommerfest mit einem Tag der offenen T\u00fcr"},"content":{"rendered":"<p>Die Sektion Fulda des Deutschen Alpenvereins (DAV) feiert am Sonntag, 11. Juni, ab 10 Uhr ein buntes Sommerfest rund um das sektionseigene Kletterzentrum in Petersberg. Gro\u00dfe und kleine Besucher k\u00f6nnen \u00fcber ein vielf\u00e4ltiges Programm die Angebote und Aktivit\u00e4ten des Alpenvereins kennen lernen \u2013 und selbst testen. <\/p>\n<p>Ab 10 Uhr startet das vielf\u00e4ltige Programm in und um das Kletterzentrum. Dazu geh\u00f6rt eine Vereinsrallye, bei der man den DAV und seine Angebote rund um den Bergsport kennen lernen kann. Gro\u00dfe und kleine G\u00e4ste sind hier eingeladen, sich an den Mitmach-Stationen auf Entdeckungsreise zu begeben.<br \/>\nUm 11:30 Uhr er\u00f6ffnet der Rotpelz h\u00f6chst pers\u00f6nlich die neuen &#8220;Schlaufuchs-Kinderkletterrouten&#8221;, die danach auf entdeckungs-lustige Nachwuchskletterer warten. F\u00fcr die Unterhaltung der G\u00e4ste sorgen ab 13 Uhr das Rh\u00f6nland-Echo sowie Zaubereinlagen mit Stephan von K\u00f6ller, bevor ab 15 Uhr der gro\u00dfe Showteil vor der Hauptkletterwand startet: hier zeigt die Leistungsgruppe der DAV Sektion Fulda ihr K\u00f6nnen und bevor die Preise der Tombola verlost werden, wird es mit einer Zaubershow von Stephan von K\u00f6ller noch einmal magisch. <\/p>\n<p>Den ganzen Tag \u00fcber kann man sich au\u00dferdem beim Schnupperklettern in luftige H\u00f6hen bis zu 14m wagen oder beim Mountainbike-Parcours sein Fahrk\u00f6nnen unter Beweis stellen. Und wer seinen Kleider- und Materialschrank ausmisten oder auch aufpeppen m\u00f6chte, der ist beim traditionellen Bergsteigerflohmarkt der Jugendgruppe genau richtig: hier kann man gut erhaltenes Bergmaterial f\u00fcr den guten Zweck (Unterst\u00fctzung der Nepal-Hilfe) verkaufen oder kaufen. Zus\u00e4tzlich pr\u00e4sentieren sich die Bergwacht Wasserkuppe sowie die Firmen \u201eauf und davon\u201c und \u201edoorout\u201c aus Fulda mit aktuellen Trends rund um den Bergsport.<\/p>\n<p>Z\u00fcnftig geht es auch bei der Verpflegung zu, bei der die G\u00e4ste von den DAV-Mitgliedern mit Schmankerln von Berg und Grill sowie selbst gebackenem Kuchen verw\u00f6hnt werden. <\/p>\n<p>Diese Programmpunkte erwarten die Besucher beim Sommerfest:\u00e2\u20ac\u00a810-14 Uhr: Vereinsrallye rund um das Kletterzentrum<br \/>\n11:30 Uhr: Er\u00f6ffnung der neuen Schlaufuchs-Kinderkletterrouten<br \/>\n15 Uhr: Showteil mit<br \/>\nShowklettern der Leistungsgruppe<br \/>\nZaubershow mit Stephan von K\u00f6ller<br \/>\nVerlosung der Vereinsrallye <\/p>\n<p>Fortlaufend:<br \/>\nSchnupperklettern an \u00fcber 130 Routen im Kletterzentrum<br \/>\n\u00dcber 100 Boulder im Innen- und Au\u00dfenbereich<br \/>\nMountainbike-Fahrtechniktraining<br \/>\nSpiel und Spa\u00df f\u00fcr Kinder auf dem Freigel\u00e4nde<br \/>\nBergsteigerflohmarkt<br \/>\nInformationen zur DAV-Sektion Fulda<\/p>\n<p>Weitere Informationen finden Sie auch unter: www.dav-fulda.de <\/p>\n","protected":false},"excerpt":{"rendered":"<div class=\"tmnf_excerpt\"><p>Die Sektion Fulda des Deutschen Alpenvereins (DAV) feiert am Sonntag, 11. Juni, ab 10 Uhr ein buntes Sommerfest rund um das sektionseigene Kletterzentrum in Petersberg. Gro\u00dfe und kleine Besucher k\u00f6nnen \u00fcber ein vielf\u00e4ltiges Programm die Angebote und Aktivit\u00e4ten des Alpenvereins kennen lernen \u2013 und selbst testen. Ab 10 Uhr startet das vielf\u00e4ltige Programm in und &hellip;<\/p>\n<\/div>","protected":false},"author":1,"featured_media":163890,"comment_status":"closed","ping_status":"closed","sticky":false,"template":"","format":"standard","meta":{"footnotes":""},"categories":[1],"tags":[],"class_list":["post-163884","post","type-post","status-publish","format-standard","has-post-thumbnail","hentry","category-startseite"],"_links":{"self":[{"href":"https:\/\/www.fuldaernachrichten.de\/index.php?rest_route=\/wp\/v2\/posts\/163884","targetHints":{"allow":["GET"]}}],"collection":[{"href":"https:\/\/www.fuldaernachrichten.de\/index.php?rest_route=\/wp\/v2\/posts"}],"about":[{"href":"https:\/\/www.fuldaernachrichten.de\/index.php?rest_route=\/wp\/v2\/types\/post"}],"author":[{"embeddable":true,"href":"https:\/\/www.fuldaernachrichten.de\/index.php?rest_route=\/wp\/v2\/users\/1"}],"replies":[{"embeddable":true,"href":"https:\/\/www.fuldaernachrichten.de\/index.php?rest_route=%2Fwp%2Fv2%2Fcomments&post=163884"}],"version-history":[{"count":1,"href":"https:\/\/www.fuldaernachrichten.de\/index.php?rest_route=\/wp\/v2\/posts\/163884\/revisions"}],"predecessor-version":[{"id":163891,"href":"https:\/\/www.fuldaernachrichten.de\/index.php?rest_route=\/wp\/v2\/posts\/163884\/revisions\/163891"}],"wp:featuredmedia":[{"embeddable":true,"href":"https:\/\/www.fuldaernachrichten.de\/index.php?rest_route=\/wp\/v2\/media\/163890"}],"wp:attachment":[{"href":"https:\/\/www.fuldaernachrichten.de\/index.php?rest_route=%2Fwp%2Fv2%2Fmedia&parent=163884"}],"wp:term":[{"taxonomy":"category","embeddable":true,"href":"https:\/\/www.fuldaernachrichten.de\/index.php?rest_route=%2Fwp%2Fv2%2Fcategories&post=163884"},{"taxonomy":"post_tag","embeddable":true,"href":"https:\/\/www.fuldaernachrichten.de\/index.php?rest_route=%2Fwp%2Fv2%2Ftags&post=163884"}],"curies":[{"name":"wp","href":"https:\/\/api.w.org\/{rel}","templated":true}]}}