{"id":163870,"date":"2017-06-01T21:34:09","date_gmt":"2017-06-01T19:34:09","guid":{"rendered":"http:\/\/www.fuldaer-nachrichten.de\/?p=163870"},"modified":"2017-06-01T21:34:09","modified_gmt":"2017-06-01T19:34:09","slug":"neues-packright-centre-von-ds-smith-in-kaarst-eroeffnet","status":"publish","type":"post","link":"https:\/\/www.fuldaernachrichten.de\/?p=163870","title":{"rendered":"Neues PackRight Centre von DS Smith in Kaarst er\u00f6ffnet"},"content":{"rendered":"<p>Ein Erfolgskonzept setzt sich durch: DS Smith hat soeben in Kaarst \u2013 nahe der Metropolregion D\u00fcsseldorf \u2013 das f\u00fcnfte PackRight Centre in der Region Deutschland und Schweiz er\u00f6ffnet. Der Fokus des in der Branche einzigartigen Konzepts liegt auf der Schaffung individueller Display- und Verpackungs-L\u00f6sungen, welche alle Aspekte des jeweiligen Supply Cycles der Kunden ber\u00fccksichtigen. Das Ergebnis ist eine signifikante Verk\u00fcrzung der Time-to-Market sowie echter Mehrwert f\u00fcr die Kunden des Unternehmens.<\/p>\n<p>Vor etwas mehr als einem Jahr hat DS Smith in Hamburg das erste PackRight Centre in der Region Deutschland und Schweiz er\u00f6ffnet. Es folgten weitere Centren in Erlensee im Rhein-Main-Gebiet, Pulheim und Oftringen in der Schweiz. Mit rund 70 geladenen G\u00e4sten feierte das Unternehmen nun die Er\u00f6ffnung des f\u00fcnften PackRight Centres, das am Standort in Kaarst, in der Metropolregion D\u00fcsseldorf, gebaut wurde. <\/p>\n<p>Per V Frederiksen, Managing Director bei DS Smith in der Region Deutschland und Schweiz, betonte: \u201eIch freue mich sehr, erneut ein PackRight Centre in unserer Region zu er\u00f6ffnen. Die Resonanz unserer Kunden ist extrem positiv und best\u00e4rkt uns darin, dass wir mit unserem in der Branche einzigartigen Konzept zur Erh\u00f6hung der Wertsch\u00f6pfung unserer Kunden auf dem richtigen Weg sind.\u201c <\/p>\n<p>Stefan Eller, Customer Excellence Director bei DS Smith, hob hervor: \u201eIn den Workshops, die in unseren DS Smith PackRight Centren stattfinden, kommen Ansprechpartner aus unterschiedlichen Bereichen bei unseren Kunden mit Designern von DS Smith zusammen. So werden nicht nur alle Bereiche des Supply Cycles aus unterschiedlichen Blickwinkeln betrachtet, auch interne Abstimmungsprozesse bei unseren Kunden fallen deutlich k\u00fcrzer aus, weil die notwendigen unternehmenseigenen Experten in die Entwicklung involviert sind und ihre jeweiligen Sichtweisen einbringen k\u00f6nnen. <\/p>\n<p>Bereits vor der offiziellen Er\u00f6ffnung nutzten einige Kunden die M\u00f6glichkeit, Workshops im neuen DS Smith PackRight Centre in Kaarst umzusetzen und berichteten im Rahmen der Er\u00f6ffnung von ihren Erfahrungen.<\/p>\n<p>\u201eSich angesichts von Tagesgesch\u00e4ft und steigendem Zeitdruck gleich mit mehreren Kollegen einen kompletten Tag f\u00fcr einen Workshop zu reservieren, kostet erst einmal \u00dcberwindung\u201c, sagte Jasmin Skorupa, Junior Trade Marketing Managerin bei der Firma KNIPEX, dem Weltmarktf\u00fchrer bei Zangen. \u201e\u00dcberzeugt haben uns die Schnelligkeit, denn nach nur einem Tag hatten wir ein konkretes Ergebnis, und die Qualit\u00e4t der gefundenen L\u00f6sung. Die M\u00f6glichkeiten im PackRight Centre sind optimal und die Mitarbeiter von DS Smith haben gro\u00dfes Know-how eingebracht. Am Ende waren sich alle Kollegen einig, dass die gefundene L\u00f6sung die investierte Zeit mehr als wert war. Auch f\u00fcr kommende Projekte werden wir daher ganz sicher wieder auf die M\u00f6glichkeiten und Expertise von DS Smith zur\u00fcckgreifen.\u201c<\/p>\n<p>Bei den anschlie\u00dfenden Rundg\u00e4ngen hatten alle Teilnehmer die M\u00f6glichkeit, sich selbst einen Eindruck von den R\u00e4umlichkeiten zu verschaffen. J\u00f6rg Sch\u00fctzeichel, Leiter des PackRight Centres Kaarst, gab dabei auch Einblicke in die Arbeitsweise, die eingesetzten Kreativtechniken sowie die technischen M\u00f6glichkeiten.<\/p>\n<p>\u201eIn den Workshops im PackRight Centre k\u00f6nnen wir unseren Kunden innerhalb von nur einem Tag zeigen, was sie mit der richtigen Verpackung bzw. dem richtigen Display erreichen k\u00f6nnen\u201c, betont Frederiksen. \u201eEin Ergebnis f\u00fcr unsere Kunden, die \u00fcberwiegend aus dem FMCG-Bereich kommen, ist eine deutlich k\u00fcrzere Time-to-Market. Zudem sorgen die hier gefundenen L\u00f6sungen f\u00fcr mehr Umsatz am Point of Sale, sinkende Kosten und eine Reduzierung der Komplexit\u00e4t im Supply Cycle.\u201c<\/p>\n<p>Und die Erfolgsstory geht weiter, in K\u00fcrze ist die Er\u00f6ffnung eines weiteren DS Smith PackRight Centres geplant.<\/p>\n<p>Bildunterschrift:<br \/>\nFeierliche Er\u00f6ffnung des f\u00fcnften PackRight Centres von DS Smith in der Region Deutschland und Schweiz: Per V Frederiksen, Managing Director und Stefan Eller, Customer Excellence Director, beide DS Smith Region Deutschland und Schweiz, beim Durchschneiden des Bandes.<\/p>\n","protected":false},"excerpt":{"rendered":"<div class=\"tmnf_excerpt\"><p>Ein Erfolgskonzept setzt sich durch: DS Smith hat soeben in Kaarst \u2013 nahe der Metropolregion D\u00fcsseldorf \u2013 das f\u00fcnfte PackRight Centre in der Region Deutschland und Schweiz er\u00f6ffnet. Der Fokus des in der Branche einzigartigen Konzepts liegt auf der Schaffung individueller Display- und Verpackungs-L\u00f6sungen, welche alle Aspekte des jeweiligen Supply Cycles der Kunden ber\u00fccksichtigen. Das &hellip;<\/p>\n<\/div>","protected":false},"author":1,"featured_media":163878,"comment_status":"closed","ping_status":"closed","sticky":false,"template":"","format":"gallery","meta":{"footnotes":""},"categories":[1],"tags":[],"class_list":["post-163870","post","type-post","status-publish","format-gallery","has-post-thumbnail","hentry","category-startseite","post_format-post-format-gallery"],"_links":{"self":[{"href":"https:\/\/www.fuldaernachrichten.de\/index.php?rest_route=\/wp\/v2\/posts\/163870","targetHints":{"allow":["GET"]}}],"collection":[{"href":"https:\/\/www.fuldaernachrichten.de\/index.php?rest_route=\/wp\/v2\/posts"}],"about":[{"href":"https:\/\/www.fuldaernachrichten.de\/index.php?rest_route=\/wp\/v2\/types\/post"}],"author":[{"embeddable":true,"href":"https:\/\/www.fuldaernachrichten.de\/index.php?rest_route=\/wp\/v2\/users\/1"}],"replies":[{"embeddable":true,"href":"https:\/\/www.fuldaernachrichten.de\/index.php?rest_route=%2Fwp%2Fv2%2Fcomments&post=163870"}],"version-history":[{"count":1,"href":"https:\/\/www.fuldaernachrichten.de\/index.php?rest_route=\/wp\/v2\/posts\/163870\/revisions"}],"predecessor-version":[{"id":163883,"href":"https:\/\/www.fuldaernachrichten.de\/index.php?rest_route=\/wp\/v2\/posts\/163870\/revisions\/163883"}],"wp:featuredmedia":[{"embeddable":true,"href":"https:\/\/www.fuldaernachrichten.de\/index.php?rest_route=\/wp\/v2\/media\/163878"}],"wp:attachment":[{"href":"https:\/\/www.fuldaernachrichten.de\/index.php?rest_route=%2Fwp%2Fv2%2Fmedia&parent=163870"}],"wp:term":[{"taxonomy":"category","embeddable":true,"href":"https:\/\/www.fuldaernachrichten.de\/index.php?rest_route=%2Fwp%2Fv2%2Fcategories&post=163870"},{"taxonomy":"post_tag","embeddable":true,"href":"https:\/\/www.fuldaernachrichten.de\/index.php?rest_route=%2Fwp%2Fv2%2Ftags&post=163870"}],"curies":[{"name":"wp","href":"https:\/\/api.w.org\/{rel}","templated":true}]}}