{"id":163868,"date":"2017-06-01T21:31:32","date_gmt":"2017-06-01T19:31:32","guid":{"rendered":"http:\/\/www.fuldaer-nachrichten.de\/?p=163868"},"modified":"2017-06-01T21:31:32","modified_gmt":"2017-06-01T19:31:32","slug":"kirchen-und-gewerkschaft-wehren-sich-gegen-plaene-fuer-uneingeschraenkte-sonntagsoeffnungen","status":"publish","type":"post","link":"https:\/\/www.fuldaernachrichten.de\/?p=163868","title":{"rendered":"Kirchen und Gewerkschaft wehren sich gegen  Pl\u00e4ne f\u00fcr uneingeschr\u00e4nkte Sonntags\u00f6ffnungen"},"content":{"rendered":"<p>Als einen weiteren, massiven Angriff auf die Rechtsgrundlagen der gesetzlich gesch\u00fctzten Sonntagsruhe insgesamt wertet die Allianz f\u00fcr den freien Sonntag Osthessen die Forderung eines B\u00fcndnisses von Warenhaus- und Einkaufszentrumsbetreibern nach einer grunds\u00e4tzlichen Freigabe von Sonntags\u00f6ffnungen.<\/p>\n<p>&#8220;Es ist schlichtweg unwahr, wenn Karstadt-Chef Stephan Fanderl behauptet, Einkaufen sei aktuell ein fundamentaler Teil der Besch\u00e4ftigung am Sonntag f\u00fcr die Menschen&#8221;, erkl\u00e4rt Michael Schmitt, KAB-Di\u00f6zesansekret\u00e4r und Sprecher der osthessischen Allianz f\u00fcr den freien Sonntag. So stelle sich vor kurzem die Mehrheit der M\u00fcnsteraner B\u00fcrger gegen mehr Sonntags\u00f6ffnungen. &#8220;Wir haben erlebt, wie das Recht auf einen arbeitsfreien Sonntag und eine ausreichende Erholungsphase der Angestellten im Einzelhandel mit Shopping-Nights, Sonntags\u00f6ffnungen und der Ausdehnung der Laden\u00f6ffnungszeiten bis 24 Uhr untergraben wurde. Mit dem Ergebnis, dass der Stress und die Unvereinbarkeit von Beruf und Familie bei den Besch\u00e4ftigten immer mehr zunehmen&#8221;, so der Ver.di Vertreter Berthold Leinweber. Bereits heute w\u00fcrden drei Viertel aller Besch\u00e4ftigten im Handel Samstags arbeiten, \u201edas ist jetzt schon eine extreme Belastung f\u00fcr die Besch\u00e4ftigten und ihre Familien. Eine Ausweitung der Sonntagsarbeit w\u00fcrde dies versch\u00e4rfen. Die Arbeitgeber schmieden hier ein B\u00fcndnis f\u00fcr schlechte Arbeit und gegen Familien\u201c, sagt Leinweber. Er verweist auf die geltende, klare Rechtslage, nach der es St\u00e4dten und Kommunen erlaubt ist, nur bei einem hinreichenden Anlass Gesch\u00e4fte Sonntags zu \u00f6ffnen.<\/p>\n<p>&#8220;Wer den Anlassbezug zugunsten wirtschaftlicher Interessen aufweichen und somit die grundgesetzlich verankerten Rechte auf Erholung, soziale Begegnung, religi\u00f6se Erbauung und pers\u00f6nliche Entfaltung einschr\u00e4nken will, spaltet die Gesellschaft&#8221;, erkl\u00e4rt Michael Schmitt. Weder trage mehr Konsum am Sonntag dazu bei, die Innenstadt nachhaltig zu beleben noch schr\u00e4nke es den Internethandel ein. &#8220;Zudem sind die gro\u00dfen Warenhausketten l\u00e4ngst Mitspieler im Onlinehandel. Verlierer werden einmal mehr die vielen kleineren Gesch\u00e4fte in den Innenst\u00e4dten sein, die die Kosten f\u00fcr Sonntags\u00f6ffnungen kaum stemmen k\u00f6nnen. Die Folge ist gerade dadurch eine zunehmende Ver\u00f6dung der Innenst\u00e4dte&#8221;, erkl\u00e4rt Berthold Leinweber.<\/p>\n<p>Die Sonntagsallianz sieht in dem Vokabular (&#8220;Waffengleichheit&#8221;) und dem erneuten Versuch, den Sonntag zum Shopping-Tag zu degradieren, eine Versch\u00e4rfung des Konfliktes. Sollten die gesetzlichen Regelungen gelockert werden, w\u00e4re dies ein Dammbruch, bef\u00fcrchtet die Sonntagsallianz. Weitere Branchen und Arbeitgeber w\u00fcrden auf Sonntagsarbeit dr\u00e4ngen. Denn der Vorsto\u00df der Warenhausbetreiber bedeute zwangsl\u00e4ufig, den arbeitsfreien Sonntag insgesamt in Frage zu stellen. &#8220;Mit uns wird es keine Rund-um-die-Uhr-Gesellschaft geben, wo der Mensch zum Wirtschaftsfaktor wird und jeder Sonntag nur noch ein Werktag ist&#8221;, so Michael Schmitt und k\u00fcndigte an, auf Basis der bestehenden Rechtslage weiter f\u00fcr das Recht auf einen arbeitsfreien Sonntag im Einzelhandel zu k\u00e4mpfen.<\/p>\n","protected":false},"excerpt":{"rendered":"<div class=\"tmnf_excerpt\"><p>Als einen weiteren, massiven Angriff auf die Rechtsgrundlagen der gesetzlich gesch\u00fctzten Sonntagsruhe insgesamt wertet die Allianz f\u00fcr den freien Sonntag Osthessen die Forderung eines B\u00fcndnisses von Warenhaus- und Einkaufszentrumsbetreibern nach einer grunds\u00e4tzlichen Freigabe von Sonntags\u00f6ffnungen. &#8220;Es ist schlichtweg unwahr, wenn Karstadt-Chef Stephan Fanderl behauptet, Einkaufen sei aktuell ein fundamentaler Teil der Besch\u00e4ftigung am Sonntag f\u00fcr &hellip;<\/p>\n<\/div>","protected":false},"author":1,"featured_media":0,"comment_status":"closed","ping_status":"closed","sticky":false,"template":"","format":"standard","meta":{"footnotes":""},"categories":[1],"tags":[],"class_list":["post-163868","post","type-post","status-publish","format-standard","hentry","category-startseite"],"_links":{"self":[{"href":"https:\/\/www.fuldaernachrichten.de\/index.php?rest_route=\/wp\/v2\/posts\/163868","targetHints":{"allow":["GET"]}}],"collection":[{"href":"https:\/\/www.fuldaernachrichten.de\/index.php?rest_route=\/wp\/v2\/posts"}],"about":[{"href":"https:\/\/www.fuldaernachrichten.de\/index.php?rest_route=\/wp\/v2\/types\/post"}],"author":[{"embeddable":true,"href":"https:\/\/www.fuldaernachrichten.de\/index.php?rest_route=\/wp\/v2\/users\/1"}],"replies":[{"embeddable":true,"href":"https:\/\/www.fuldaernachrichten.de\/index.php?rest_route=%2Fwp%2Fv2%2Fcomments&post=163868"}],"version-history":[{"count":1,"href":"https:\/\/www.fuldaernachrichten.de\/index.php?rest_route=\/wp\/v2\/posts\/163868\/revisions"}],"predecessor-version":[{"id":163872,"href":"https:\/\/www.fuldaernachrichten.de\/index.php?rest_route=\/wp\/v2\/posts\/163868\/revisions\/163872"}],"wp:attachment":[{"href":"https:\/\/www.fuldaernachrichten.de\/index.php?rest_route=%2Fwp%2Fv2%2Fmedia&parent=163868"}],"wp:term":[{"taxonomy":"category","embeddable":true,"href":"https:\/\/www.fuldaernachrichten.de\/index.php?rest_route=%2Fwp%2Fv2%2Fcategories&post=163868"},{"taxonomy":"post_tag","embeddable":true,"href":"https:\/\/www.fuldaernachrichten.de\/index.php?rest_route=%2Fwp%2Fv2%2Ftags&post=163868"}],"curies":[{"name":"wp","href":"https:\/\/api.w.org\/{rel}","templated":true}]}}