{"id":163864,"date":"2017-06-01T21:33:44","date_gmt":"2017-06-01T19:33:44","guid":{"rendered":"http:\/\/www.fuldaer-nachrichten.de\/?p=163864"},"modified":"2017-06-01T21:33:44","modified_gmt":"2017-06-01T19:33:44","slug":"eugen-roth-erhaelt-den-ehrenwappenteller-der-stadt","status":"publish","type":"post","link":"https:\/\/www.fuldaernachrichten.de\/?p=163864","title":{"rendered":"Eugen Roth erh\u00e4lt den Ehrenwappenteller der Stadt"},"content":{"rendered":"<p>An seinem 60. Geburtstag ist Eugen Roth mit dem Ehrenwappenteller der Stadt H\u00fcnfeld ausgezeichnet worden. B\u00fcrgermeister Stefan Schwenk und Stadtverordnetenvorsteher Berthold Quell gratulierten ihm und zeichneten ihn f\u00fcr seine vielseitigen ehrenamtlichen Verdienste aus. <\/p>\n<p>\u201eEugen Roth ist ein Gewinn f\u00fcr das kirchliche und \u00f6rtliche Gemeinschaftsleben in Mackenzell, er ist ein Gewinn f\u00fcr ganz H\u00fcnfeld\u201c, unterstrich Schwenk. Der B\u00fcrgermeister erkl\u00e4rte, der Ehrenwappenteller sei zur Auszeichnung und zur Ehrung von B\u00fcrgern gedacht, die f\u00fcr das Gemeinwohl in H\u00fcnfeld besondere Leistungen erbracht und dadurch zum Ansehen der Stadt H\u00fcnfeld beigetragen haben.<\/p>\n<p>Auf Eugen Roth trifft das in mehrfacher Hinsicht zu. Viele Menschen in der ganzen Region kennen ihn als ausdrucksstarken und humorvollen Laienschauspieler bei der Laienspielgruppe Mackenzell, die in jedem Jahr gro\u00dfe Erfolge feiert. \u201eMeistens spielt er die Rolle des \u00e4lteren, kauzigen Familienseniors, der mit Humor, aber oft auch mit Schl\u00e4ue die famili\u00e4ren Angelegenheiten wieder ins Lot bringt\u201c, berichtete Schwenk.<\/p>\n<p>Nicht nur in der Theatergruppe engagiert er sich seit 1984, seit dieser Zeit ist er auch in der Mackenzeller Kirchengemeinde aktiv \u2013 im Verwaltungsrat, als Lektor, Kommunionhelfer und als Kindergartenbeauftragter. \u201eMit seiner ruhigen und besonnenen Art und seiner \u00dcberzeugungsf\u00e4higkeit hat er in diesen Jahren vieles gestaltet und war f\u00fcr die St. Elisabeth Stiftung und die Stadt H\u00fcnfeld immer ein verl\u00e4sslicher und fairer Gespr\u00e4chspartner\u201c, machte Schwenk deutlich.<br \/>\nAuch aus der Mackenzeller Fastnacht ist der geb\u00fcrtige Dammersbacher nicht mehr wegzudenken. \u201eStets unterst\u00fctzt durch seine Frau Sigrid, engagiert er sich auch hier in besonderer Weise, vor allem bei den j\u00e4hrlichen Fremdensitzungen\u201c, sagte Schwenk.<\/p>\n<p>Der Mackenzeller, der seit zwei Jahren in H\u00fcnfeld wohnt, ist neben diesen ehrenamtlichen Aufgaben zudem ein erfolgreicher und engagierter Unternehmer. \u201eDer Familienmensch Eugen Roth ist das klassische Idealbild eines Familienunternehmers\u201c, lobte der B\u00fcrgermeister den Apotheker. Der Ehrenwappenteller solle Ansporn f\u00fcr weiteres Engagement sein. \u201eSie werden noch viele Jahre gebraucht\u201c, sagte Schwenk. <\/p>\n<p>BU: Bei der Verleihung des Ehrenwappentellers (von links): Stefan Schwenk, Sigrid und Eugen Roth sowie Berthold Quell. <\/p>\n","protected":false},"excerpt":{"rendered":"<div class=\"tmnf_excerpt\"><p>An seinem 60. Geburtstag ist Eugen Roth mit dem Ehrenwappenteller der Stadt H\u00fcnfeld ausgezeichnet worden. B\u00fcrgermeister Stefan Schwenk und Stadtverordnetenvorsteher Berthold Quell gratulierten ihm und zeichneten ihn f\u00fcr seine vielseitigen ehrenamtlichen Verdienste aus. \u201eEugen Roth ist ein Gewinn f\u00fcr das kirchliche und \u00f6rtliche Gemeinschaftsleben in Mackenzell, er ist ein Gewinn f\u00fcr ganz H\u00fcnfeld\u201c, unterstrich Schwenk. &hellip;<\/p>\n<\/div>","protected":false},"author":1,"featured_media":163871,"comment_status":"closed","ping_status":"closed","sticky":false,"template":"","format":"standard","meta":{"footnotes":""},"categories":[1],"tags":[],"class_list":["post-163864","post","type-post","status-publish","format-standard","has-post-thumbnail","hentry","category-startseite"],"_links":{"self":[{"href":"https:\/\/www.fuldaernachrichten.de\/index.php?rest_route=\/wp\/v2\/posts\/163864","targetHints":{"allow":["GET"]}}],"collection":[{"href":"https:\/\/www.fuldaernachrichten.de\/index.php?rest_route=\/wp\/v2\/posts"}],"about":[{"href":"https:\/\/www.fuldaernachrichten.de\/index.php?rest_route=\/wp\/v2\/types\/post"}],"author":[{"embeddable":true,"href":"https:\/\/www.fuldaernachrichten.de\/index.php?rest_route=\/wp\/v2\/users\/1"}],"replies":[{"embeddable":true,"href":"https:\/\/www.fuldaernachrichten.de\/index.php?rest_route=%2Fwp%2Fv2%2Fcomments&post=163864"}],"version-history":[{"count":1,"href":"https:\/\/www.fuldaernachrichten.de\/index.php?rest_route=\/wp\/v2\/posts\/163864\/revisions"}],"predecessor-version":[{"id":163881,"href":"https:\/\/www.fuldaernachrichten.de\/index.php?rest_route=\/wp\/v2\/posts\/163864\/revisions\/163881"}],"wp:featuredmedia":[{"embeddable":true,"href":"https:\/\/www.fuldaernachrichten.de\/index.php?rest_route=\/wp\/v2\/media\/163871"}],"wp:attachment":[{"href":"https:\/\/www.fuldaernachrichten.de\/index.php?rest_route=%2Fwp%2Fv2%2Fmedia&parent=163864"}],"wp:term":[{"taxonomy":"category","embeddable":true,"href":"https:\/\/www.fuldaernachrichten.de\/index.php?rest_route=%2Fwp%2Fv2%2Fcategories&post=163864"},{"taxonomy":"post_tag","embeddable":true,"href":"https:\/\/www.fuldaernachrichten.de\/index.php?rest_route=%2Fwp%2Fv2%2Ftags&post=163864"}],"curies":[{"name":"wp","href":"https:\/\/api.w.org\/{rel}","templated":true}]}}