{"id":163858,"date":"2017-06-01T21:30:08","date_gmt":"2017-06-01T19:30:08","guid":{"rendered":"http:\/\/www.fuldaer-nachrichten.de\/?p=163858"},"modified":"2017-06-01T21:30:08","modified_gmt":"2017-06-01T19:30:08","slug":"patientenverfuegung-und-vorsorgevollmacht-was-sollten-sie-beachten","status":"publish","type":"post","link":"https:\/\/www.fuldaernachrichten.de\/?p=163858","title":{"rendered":"Patientenverf\u00fcgung und Vorsorgevollmacht: Was sollten Sie beachten?"},"content":{"rendered":"<p>Ob durch Unfall, Krankheit oder zunehmendes Alter: Jeder kann in die Situation kommen, in der er nicht mehr in der Lage ist, Entscheidungen zu treffen und sich um seine Angelegenheiten zu k\u00fcmmern. Vieles l\u00e4sst sich bereits im Vorfeld mit einer Patientenverf\u00fcgung und Vorsorgevollmacht regeln. Was ist bei den Verf\u00fcgungen und Vollmachten zu beachten, damit sie g\u00fcltig sind?<\/p>\n<p>Das Urteil des Bundesgerichtshofs vom Juli 2016 hat viele Verbraucher verunsichert. Die Patientenverf\u00fcgung muss sehr pr\u00e4zise formuliert sein, damit sie wirksam ist. Betroffene sollten die medizinischen Situationen, in denen die Verf\u00fcgung gelten soll, m\u00f6glichst genau benennen, ebenso die Untersuchungen und Behandlungen, die sie w\u00fcnschen oder ablehnen. Daniela Hubloher, Medizinerin in der Patientenberatung der Verbraucherzentrale Hessen, erl\u00e4utert in ihrem Vortrag, welche inhaltlichen und formalen Kriterien Verbraucher beim Verfassen einer Patientenverf\u00fcgung und einer Vorsorgevollmacht beachten sollten. <\/p>\n<p>Der Vortrag findet am 21. Juni 2017 um 17 Uhr in den R\u00e4umen der Verbraucherzentrale Hessen in Fulda, Karlstr. 2 im Rahmen der Veranstaltungswoche zum 50-j\u00e4hrigen Bestehen der Beratungsstelle Fulda statt. Die Veranstaltung ist kostenfrei, eine Anmeldung ist nicht erforderlich.<br \/>\nDie Veranstaltung findet im Rahmen des Projektes \u201eWirtschaftlicher Verbraucherschutz\u201c statt, das vom Bundesministerium f\u00fcr Justiz und Verbraucherschutz aufgrund eines Beschlusses des Deutschen Bundestages gef\u00f6rdert wird.<\/p>\n","protected":false},"excerpt":{"rendered":"<div class=\"tmnf_excerpt\"><p>Ob durch Unfall, Krankheit oder zunehmendes Alter: Jeder kann in die Situation kommen, in der er nicht mehr in der Lage ist, Entscheidungen zu treffen und sich um seine Angelegenheiten zu k\u00fcmmern. Vieles l\u00e4sst sich bereits im Vorfeld mit einer Patientenverf\u00fcgung und Vorsorgevollmacht regeln. Was ist bei den Verf\u00fcgungen und Vollmachten zu beachten, damit sie &hellip;<\/p>\n<\/div>","protected":false},"author":1,"featured_media":0,"comment_status":"closed","ping_status":"closed","sticky":false,"template":"","format":"standard","meta":{"footnotes":""},"categories":[1],"tags":[],"class_list":["post-163858","post","type-post","status-publish","format-standard","hentry","category-startseite"],"_links":{"self":[{"href":"https:\/\/www.fuldaernachrichten.de\/index.php?rest_route=\/wp\/v2\/posts\/163858","targetHints":{"allow":["GET"]}}],"collection":[{"href":"https:\/\/www.fuldaernachrichten.de\/index.php?rest_route=\/wp\/v2\/posts"}],"about":[{"href":"https:\/\/www.fuldaernachrichten.de\/index.php?rest_route=\/wp\/v2\/types\/post"}],"author":[{"embeddable":true,"href":"https:\/\/www.fuldaernachrichten.de\/index.php?rest_route=\/wp\/v2\/users\/1"}],"replies":[{"embeddable":true,"href":"https:\/\/www.fuldaernachrichten.de\/index.php?rest_route=%2Fwp%2Fv2%2Fcomments&post=163858"}],"version-history":[{"count":1,"href":"https:\/\/www.fuldaernachrichten.de\/index.php?rest_route=\/wp\/v2\/posts\/163858\/revisions"}],"predecessor-version":[{"id":163865,"href":"https:\/\/www.fuldaernachrichten.de\/index.php?rest_route=\/wp\/v2\/posts\/163858\/revisions\/163865"}],"wp:attachment":[{"href":"https:\/\/www.fuldaernachrichten.de\/index.php?rest_route=%2Fwp%2Fv2%2Fmedia&parent=163858"}],"wp:term":[{"taxonomy":"category","embeddable":true,"href":"https:\/\/www.fuldaernachrichten.de\/index.php?rest_route=%2Fwp%2Fv2%2Fcategories&post=163858"},{"taxonomy":"post_tag","embeddable":true,"href":"https:\/\/www.fuldaernachrichten.de\/index.php?rest_route=%2Fwp%2Fv2%2Ftags&post=163858"}],"curies":[{"name":"wp","href":"https:\/\/api.w.org\/{rel}","templated":true}]}}